{"id":578548,"date":"2026-05-30T08:28:15","date_gmt":"2026-05-30T08:28:15","guid":{"rendered":"https:\/\/www.europesays.com\/es\/578548\/"},"modified":"2026-05-30T08:28:15","modified_gmt":"2026-05-30T08:28:15","slug":"entradas-para-los-festivales-flamencos-de-alcala-ya-a-la-venta","status":"publish","type":"post","link":"https:\/\/www.europesays.com\/es\/578548\/","title":{"rendered":"Entradas para los Festivales Flamencos de Alcal\u00e1 ya a la venta"},"content":{"rendered":"<p> Las entradas para los Festivales Flamencos 2026 de Alcal\u00e1 de Guada\u00edra est\u00e1n ya a la venta en el portal municipal de venta de entradas <a href=\"https:\/\/entradas.alcaladeguadaira.es\/es\/recintos\" rel=\"nofollow noopener\" target=\"_blank\">https:\/\/entradas.alcaladeguada&#8230;<\/a>  El XLVI  Festival Flamenco Joaqu\u00edn el de la Paula (12\u20ac), que vuelve al Castillo de Alcal\u00e1, ser\u00e1 el 26 de septiembre, y el XIX Festival Flamenco Manolito de Mar\u00eda, en los Jardines del Auditorio Riberas del Guada\u00edra, el pr\u00f3ximo 13 de junio (gratuito con reserva de entrada por motivos de aforo).\n <\/p>\n<p> El delegado del \u00e1rea de Identidad y responsable de las delegaciones de Cultura, Patrimonio y Turismo, Christopher Rivas, ha recordado que son \u201cdos citas imprescindibles que siguen poniendo en valor nuestra identidad flamenca y el legado de la sole\u00e1 alcalare\u00f1a\u201d, y ha insistido en la principal novedad de este a\u00f1o: \u201cRecuperamos un espacio cargado de simbolismo para este festival, porque fue precisamente all\u00ed donde el festival se celebr\u00f3 durante mucho tiempo. Despu\u00e9s de 16 a\u00f1os, el Festival Joaqu\u00edn de la Paula vuelve a su escenario original, recuperando as\u00ed parte de su esencia y conectando nuevamente el flamenco con uno de los enclaves patrimoniales m\u00e1s importantes y emblem\u00e1ticos de nuestra ciudad\u201d.   <\/p>\n<p> Precisamente, como identidad e historia del flamenco, el prestigioso bailaor Javier Bar\u00f3n, volver\u00e1 al emblem\u00e1tico Festival Joaqu\u00edn el de la Paula en su tierra natal el pr\u00f3ximo 26 de septiembre. \u201cUna figura imprescindible del baile flamenco contempor\u00e1neo, con una trayectoria art\u00edstica de enorme prestigio dentro y fuera de Andaluc\u00eda y con una forma de entender el flamenco desde la ra\u00edz, la elegancia y el respeto a la tradici\u00f3n, y queremos reconocerle lo que ha aportado al flamenco durante tantos a\u00f1os. Porque hablamos de un artista que ha llevado el nombre del flamenco por escenarios de todo el mundo y que es referencia para much\u00edsimos profesionales y aficionados. Reconocer a Javier Bar\u00f3n es tambi\u00e9n reconocer el valor de quienes han dedicado su vida a engrandecer este arte desde el esfuerzo, el talento y la autenticidad\u201d- ha argumentado Rivas.\n <\/p>\n<p> Con el bailaor alcalare\u00f1o estar\u00e1 un cartel que re\u00fane a nombres de la talla de David Palomar, Lela Soto, Ezequiel Ben\u00edtez al cante, y Rub\u00e9n Mart\u00ednez, Paco Le\u00f3n, Rub\u00e9n Lara al toque, \u201cpara \u2013 ha continuado el delegado &#8211; vivir una noche m\u00e1s en la que Alcal\u00e1 es referencia del flamenco andaluz Seguimos haciendo de Alcal\u00e1 una ciudad donde el flamenco se vive, se siente y se comparte, manteniendo viva una tradici\u00f3n que forma parte de nuestra identidad y nuestra historia\u201d.   <\/p>\n<p> <a href=\"https:\/\/entradas.alcaladeguadaira.es\/es\/espectaculo\/xlvi-festival-flamenco-joaquin-el-de-la-paula\/A260926FFLAMENCO\" rel=\"nofollow noopener\" target=\"_blank\">https:\/\/entradas.alcaladeguada&#8230;<\/a>\n <\/p>\n<p> Paralelamente, el consolidado Festival Manolito Mar\u00eda, que abre la temporada veraniega de flamenco, ser\u00e1 el pr\u00f3ximo 13 de junio. Se celebrar\u00e1 a los pies de las torres del Castillo, en los jardines del Auditorio Riberas del Guada\u00edra y seg\u00fan Rivas, contar\u00e1 con \u201cun cartel de artistas que quiere reflejar la esencia de una reuni\u00f3n flamenca \u00edntima, casi cotidiana, de las que forman parte de nuestra memoria colectiva. Una imagen que evoca el origen popular del flamenco, la cercan\u00eda, el comp\u00e1s compartido y la transmisi\u00f3n de generaci\u00f3n en generaci\u00f3n de nuestro arte m\u00e1s universal. Esa fotograf\u00eda original es la que estamos viendo proyectada en estos momentos con artistas de demostrada calidad\u201d.\n <\/p>\n<p> Al cante contaremos con Paco Morillo, acompa\u00f1ado por Alba Serrano y Beatriz Cruz de Alba, seguido del cante de Diego Ben\u00edtez y Aroa Cala. Al toque estar\u00e1n Juan Manuel Flores, Joaqu\u00edn de Alcal\u00e1 y Paco Le\u00f3n, y al baile, Carmen Algaba, acompa\u00f1ada al cante por Marta Aguilar y al toque por Mariano Delgado. Adem\u00e1s, Aroa Cala estar\u00e1 acompa\u00f1ada por Ali de la Tota y Naim Real; Carmen Algaba por Manuel Bellido, Manuel Barbas y Carmen Vicente; y Diego Ben\u00edtez por Miguel \u00c1lvarez y Jorge Garc\u00eda \u2018El Perrichi\u2019. Este a\u00f1o, adem\u00e1s, el festival contar\u00e1 con la presentaci\u00f3n del flamenc\u00f3logo Pedro Lopeh, una voz m\u00e1s que autorizada para conducir una noche dedicada al arte jondo.\n <\/p>\n<p> Rivas ha puesto en valor el homenaje que se le realizar\u00e1 a Mario Garc\u00eda Alpa\u00f1\u00e9s, \u2018Mario de Alcal\u00e1\u2019, por toda una vida vinculada al flamenco y a la cultura de nuestra ciudad. \u201cEs una de esas personas que llevan d\u00e9cadas manteniendo vivo el cante desde la afici\u00f3n, el compromiso y el respeto por los cantes de Alcal\u00e1. Un cantaor muy ligado a la sole\u00e1 alcalare\u00f1a, participante durante a\u00f1os en concursos, recitales y festivales, y muy presente en la vida flamenca de nuestra ciudad, tanto en pe\u00f1as como en citas tan importantes como el propio Festival Joaqu\u00edn el de la Paula o el Manolito el de Mar\u00eda.\n <\/p>\n<p> <a href=\"https:\/\/entradas.alcaladeguadaira.es\/es\/espectaculo\/xix-festival-flamenco-manolito-el-de-maria\/A130626MANOLITO\" rel=\"nofollow noopener\" target=\"_blank\">https:\/\/entradas.alcaladeguada&#8230;<\/a>\n <\/p>\n","protected":false},"excerpt":{"rendered":"Las entradas para los Festivales Flamencos 2026 de Alcal\u00e1 de Guada\u00edra est\u00e1n ya a la venta en el&hellip;\n","protected":false},"author":2,"featured_media":578549,"comment_status":"","ping_status":"","sticky":false,"template":"","format":"standard","meta":{"footnotes":""},"categories":[5],"tags":[24471,24470,24478,24469,1250,17,18,777,209,24474,168,24489,2026,24491,24480,25,24,13,14,24488,24487,24490,24492,24473,11,2178,3624,15235,891,6850,19,20,6688,24483,24054,24497,4044,24493,9,10,15,16,24477,24482,24415,24472,12365,24496,1922,24485,24481,24479,24475,24484,19497,24486,1171,23,24494,12,24476,4664,21,22,24495],"class_list":["post-578548","post","type-post","status-publish","format-standard","has-post-thumbnail","category-titulares","tag-accesibilidad","tag-administracion-electronica","tag-agenda-de-actividades","tag-alcala-de-guadaira","tag-ayuntamiento","tag-breaking-news","tag-breakingnews","tag-ciudad","tag-cultura","tag-datos-abiertos","tag-deportes","tag-desarrollo-economico","tag-educacion","tag-edusi","tag-equipamientos","tag-es","tag-espana","tag-featured-news","tag-featurednews","tag-feria-de-alcala","tag-fiestas-mayores","tag-formacion-y-empleo","tag-gestion-tributaria","tag-gobierno-abierto","tag-headlines","tag-igualdad","tag-infancia","tag-infraestructura","tag-inmigrantes","tag-juventud","tag-latest-news","tag-latestnews","tag-medio-ambiente","tag-molinos","tag-movilidad-urbana","tag-movilidad-y-transporte","tag-mujeres","tag-museo-de-alcala","tag-news","tag-noticias","tag-noticias-destacadas","tag-noticiasdestacadas","tag-oferta-de-empleo","tag-oromana","tag-participacion-ciudadana","tag-personas-con-discapacidad","tag-personas-mayores","tag-punto-limpio","tag-redes-sociales","tag-secretaria","tag-sede-electronica","tag-servicio-de-quejas-y-sugerencias","tag-servicios-destacados","tag-servicios-municipales","tag-servicios-sociales","tag-servicios-urbanos","tag-sevilla","tag-spain","tag-teatro-auditorio-riberas-del-guadaira","tag-titulares","tag-tramites-y-servicios","tag-turismo","tag-ultimas-noticias","tag-ultimasnoticias","tag-universidad-popular"],"share_on_mastodon":{"url":"","error":"Validation failed: Text character limit of 500 exceeded"},"_links":{"self":[{"href":"https:\/\/www.europesays.com\/es\/wp-json\/wp\/v2\/posts\/578548","targetHints":{"allow":["GET"]}}],"collection":[{"href":"https:\/\/www.europesays.com\/es\/wp-json\/wp\/v2\/posts"}],"about":[{"href":"https:\/\/www.europesays.com\/es\/wp-json\/wp\/v2\/types\/post"}],"author":[{"embeddable":true,"href":"https:\/\/www.europesays.com\/es\/wp-json\/wp\/v2\/users\/2"}],"replies":[{"embeddable":true,"href":"https:\/\/www.europesays.com\/es\/wp-json\/wp\/v2\/comments?post=578548"}],"version-history":[{"count":0,"href":"https:\/\/www.europesays.com\/es\/wp-json\/wp\/v2\/posts\/578548\/revisions"}],"wp:featuredmedia":[{"embeddable":true,"href":"https:\/\/www.europesays.com\/es\/wp-json\/wp\/v2\/media\/578549"}],"wp:attachment":[{"href":"https:\/\/www.europesays.com\/es\/wp-json\/wp\/v2\/media?parent=578548"}],"wp:term":[{"taxonomy":"category","embeddable":true,"href":"https:\/\/www.europesays.com\/es\/wp-json\/wp\/v2\/categories?post=578548"},{"taxonomy":"post_tag","embeddable":true,"href":"https:\/\/www.europesays.com\/es\/wp-json\/wp\/v2\/tags?post=578548"}],"curies":[{"name":"wp","href":"https:\/\/api.w.org\/{rel}","templated":true}]}}