{"id":57855,"date":"2025-08-19T12:11:07","date_gmt":"2025-08-19T12:11:07","guid":{"rendered":"https:\/\/www.europesays.com\/es\/57855\/"},"modified":"2025-08-19T12:11:07","modified_gmt":"2025-08-19T12:11:07","slug":"es-hora-de-que-se-cuente-la-verdad-2","status":"publish","type":"post","link":"https:\/\/www.europesays.com\/es\/57855\/","title":{"rendered":"Es hora de que se cuente la verdad"},"content":{"rendered":"<p class=\"article-text\">\n        Eva Amaral y Juan Aguirre tuvieron la oportunidad de telonar a Bob Dylan en una gira por Espa\u00f1a que el m\u00fasico estadounidense dio en 2004. Sin embargo, el guitarrista del <a href=\"https:\/\/www.eldiario.es\/cultura\/reyes-piden-compromiso-colectivo-cultura-entrega-medallas-oro-bellas-artes-2021_1_9761886.html\" data-mrf-recirculation=\"links-noticia\" class=\"link\" rel=\"nofollow noopener\" target=\"_blank\">d\u00fao zaragozano<\/a> sufri\u00f3 una lesi\u00f3n en la mano y Amaral tuvo que acompa\u00f1ar a Dylan en solitario. La experiencia, que probablemente no olvidar\u00e1 jam\u00e1s, dio lugar a un rumor que ha estado presente desde que Enrique Bunbury, reconocido por haber sido el l\u00edder de la banda H\u00e9roes del Silencio, publicara en 2006 el tema Puta desagradecida.\n    <\/p>\n<p>    <a href=\"https:\/\/www.eldiario.es\/cultura\/musica\/problemas-industria-musical-lugar-oscurece-alma-pasion-salud_1_12537037.html\" data-mrf-recirculation=\"saber-mas\" data-dl-event=\"saber-mas\" rel=\"nofollow noopener\" target=\"_blank\"><\/p>\n<p class=\"know-more__title\">Los problemas que hacen de la industria musical un lugar que \u201coscurece tu alma, tu pasi\u00f3n y tu salud\u201d<\/p>\n<p>            <img decoding=\"async\" class=\"lazy\" loading=\"lazy\" data-src=\"https:\/\/static.eldiario.es\/clip\/dc97d10d-5a77-4781-bbdc-9de86164059c_16-9-aspect-ratio_default_0.jpg\" src=\"data:image\/svg+xml,%3Csvg xmlns=\" http:=\"\" viewbox=\"0 0 880 495\" alt=\"Los problemas que hacen de la industria musical un lugar que \u201coscurece tu alma, tu pasi\u00f3n y tu salud\u201d\"\/><\/p>\n<p>                        <\/a><\/p>\n<p class=\"article-text\">\n        En aquel entonces se extendi\u00f3 el bulo de que a Bunbury le dio tanta rabia no haber sido elegido como el telonero de Bob Dylan que una de las canciones de su disco El tiempo de las cerezas iba dirigido a Amaral. \u201cTe ganaste tu lugar con ingeniosa ingenuidad \/ No entiendo c\u00f3mo eres capaz de sentirte peligrosa siendo tan vulgar\u201d, canta Bunbury en la canci\u00f3n. \u201cNo conozco a nadie que mienta como t\u00fa \/ Con tanta disciplina, precisi\u00f3n y sinceridad\u201d, expresa a lo largo del tema.\n    <\/p>\n<p class=\"article-text\">\n        Sin embargo, tras todo este tiempo, Amaral ha acudido a redes sociales para pedir a Bunbury que desmienta el rumor despu\u00e9s de que una cuenta de X lo trajera a la actualidad. \u201cEn lugar de venir aqu\u00ed a atacar y contar estupideces, \u00bfpor qu\u00e9 no le preguntas a Bunbury?\u201d, ha respondido Amaral a esta cuenta. \u201cCreemos que es hora de que se cuente la verdad y de paso de que sus seguidores nos dejen en paz\u201d, ha a\u00f1adido. Cuando se expandi\u00f3 el rumor hace dos d\u00e9cadas, los fans de Bunbury aprovecharon para insultar y mandar odio a Amaral.\n    <\/p>\n<p>            <img decoding=\"async\" class=\"lazy\" loading=\"lazy\" data-src=\"https:\/\/static.eldiario.es\/clip\/3b59b982-829b-484b-be80-5410da3bb80f_16-9-discover-aspect-ratio_default_0.jpg\" src=\"data:image\/svg+xml,%3Csvg xmlns=\" http:=\"\" viewbox=\"0 0 1200 675\" alt=\"El artista Enrique Bunbury ofrece un concierto en el Movistar Arena de Madrid\"\/><\/p>\n<p class=\"article-text\">\n        \u201cEsto no es una cuesti\u00f3n de ser mejor o peor. Es una historia de acoso continuado por parte de algunos seguidores de Bunbury\u201d, ha declarado Amaral, que denuncia \u201cinsultos bastante mis\u00f3ginos y chungos y tambi\u00e9n amenazas\u201d. Es por ello que Enrique Bunbury ha publicado un <a href=\"https:\/\/x.com\/bunburyoficial\/status\/1957650847309152729\" target=\"_blank\" data-mrf-recirculation=\"links-noticia\" class=\"link\" rel=\"nofollow\">comunicado<\/a> en redes sociales: \u201cNo acostumbro atender a rumorolog\u00edas, ni dimes y diretes, ni atiendo a lo que se dice en las redes, pero me llega el malestar que ha mostrado el d\u00fao Amaral por la insistencia e insultos que algunos les han hecho llegar a lo largo de los a\u00f1os\u201d.\n    <\/p>\n<p class=\"article-text\">\n        El cantante afirma que, como ya ha contado a la prensa en el pasado, el rumor no tiene una \u201cbase sostenible, sino m\u00e1s bien todo lo contrario\u201d. \u201cNo me importa volver a insistir que en esa gira eran ellos los contratados para abrir a Dylan y que a m\u00ed me llam\u00f3 Gay Mercader para sustituirles por un problema en la mano de Juan Aguirre. Yo me ofrec\u00ed para hacer los shows que faltaban\u201d, ha explicado Bunbury. \u201cCuando me comunicaron que Eva continuar\u00eda haciendo los shows sola, me alegr\u00e9 por ella, aunque a m\u00ed me hiciera ilusi\u00f3n abrir para Dylan\u201d, ha a\u00f1adido en su comunicado.\n    <\/p>\n<p>    <a href=\"https:\/\/www.eldiario.es\/cultura\/musica\/amaral-no-ingenuos-creer-canciones-transformar-vida-personas-si_1_12082752.html\" data-mrf-recirculation=\"saber-mas-abajo\" data-dl-event=\"saber-mas-abajo\" rel=\"nofollow noopener\" target=\"_blank\"><\/p>\n<p class=\"know-more__title\">Amaral: \u201cNo somos tan ingenuos como para creer que las canciones pueden transformar la vida, pero las personas s\u00ed\u201d<\/p>\n<p>            <img decoding=\"async\" class=\"lazy\" loading=\"lazy\" data-src=\"https:\/\/static.eldiario.es\/clip\/7adea774-1ab8-41fc-8048-e29df244d4bd_16-9-aspect-ratio_default_0_x1143y398.jpg\" src=\"data:image\/svg+xml,%3Csvg xmlns=\" http:=\"\" viewbox=\"0 0 880 495\" alt=\"Amaral: &quot;No somos tan ingenuos como para creer que las canciones pueden transformar la vida, pero las personas s\u00ed&quot;\"\/><\/p>\n<p>                        <\/a><\/p>\n<p class=\"article-text\">\n        \u201cAmaral no me quit\u00f3 el puesto en absoluto. Era suyo. Nunca me enfad\u00e9, porque no ten\u00eda motivos. Dicho esto, insisto, la canci\u00f3n no tiene nada que ver con ella. Es una canci\u00f3n a la manera de las canciones latinoamericanas de despecho que tanto me gustan\u201d, ha enfatizado el m\u00fasico sobre Puta desagradecida, dejando claro que \u201cAmaral es un d\u00fao de talento evidente y may\u00fasculo\u201d, a los que les env\u00eda su \u201cadmiraci\u00f3n y disculpas por todo lo sufrido\u201d. El d\u00fao, no obstante, ha escrito en redes que \u201cparece que hay un n\u00facleo de fan\u00e1ticos de este se\u00f1or al que la aclaraci\u00f3n no les ha llegado con suficiente claridad\u201d.\n    <\/p>\n","protected":false},"excerpt":{"rendered":"Eva Amaral y Juan Aguirre tuvieron la oportunidad de telonar a Bob Dylan en una gira por Espa\u00f1a&hellip;\n","protected":false},"author":2,"featured_media":57856,"comment_status":"","ping_status":"","sticky":false,"template":"","format":"standard","meta":{"footnotes":""},"categories":[91],"tags":[4248,11669,988,17832,24194,24619,146,147,25,24,1458,34,145,23],"class_list":{"0":"post-57855","1":"post","2":"type-post","3":"status-publish","4":"format-standard","5":"has-post-thumbnail","7":"category-entretenimiento","8":"tag-4248","9":"tag-amaral","10":"tag-anos","11":"tag-bunbury","12":"tag-cuente","13":"tag-desmienta","14":"tag-entertainment","15":"tag-entretenimiento","16":"tag-es","17":"tag-espana","18":"tag-hora","19":"tag-pide","20":"tag-rumor","21":"tag-spain"},"share_on_mastodon":{"url":"","error":""},"_links":{"self":[{"href":"https:\/\/www.europesays.com\/es\/wp-json\/wp\/v2\/posts\/57855","targetHints":{"allow":["GET"]}}],"collection":[{"href":"https:\/\/www.europesays.com\/es\/wp-json\/wp\/v2\/posts"}],"about":[{"href":"https:\/\/www.europesays.com\/es\/wp-json\/wp\/v2\/types\/post"}],"author":[{"embeddable":true,"href":"https:\/\/www.europesays.com\/es\/wp-json\/wp\/v2\/users\/2"}],"replies":[{"embeddable":true,"href":"https:\/\/www.europesays.com\/es\/wp-json\/wp\/v2\/comments?post=57855"}],"version-history":[{"count":0,"href":"https:\/\/www.europesays.com\/es\/wp-json\/wp\/v2\/posts\/57855\/revisions"}],"wp:featuredmedia":[{"embeddable":true,"href":"https:\/\/www.europesays.com\/es\/wp-json\/wp\/v2\/media\/57856"}],"wp:attachment":[{"href":"https:\/\/www.europesays.com\/es\/wp-json\/wp\/v2\/media?parent=57855"}],"wp:term":[{"taxonomy":"category","embeddable":true,"href":"https:\/\/www.europesays.com\/es\/wp-json\/wp\/v2\/categories?post=57855"},{"taxonomy":"post_tag","embeddable":true,"href":"https:\/\/www.europesays.com\/es\/wp-json\/wp\/v2\/tags?post=57855"}],"curies":[{"name":"wp","href":"https:\/\/api.w.org\/{rel}","templated":true}]}}