{"id":57859,"date":"2025-08-19T12:13:09","date_gmt":"2025-08-19T12:13:09","guid":{"rendered":"https:\/\/www.europesays.com\/es\/57859\/"},"modified":"2025-08-19T12:13:09","modified_gmt":"2025-08-19T12:13:09","slug":"las-telecos-ponen-en-marcha-planes-de-contingencia-ante-los-incendios-economia","status":"publish","type":"post","link":"https:\/\/www.europesays.com\/es\/57859\/","title":{"rendered":"Las \u2018telecos\u2019 ponen en marcha planes de contingencia ante los incendios | Econom\u00eda"},"content":{"rendered":"<p class=\"\">Las operadoras de telecomunicaciones han puesto en marcha planes de contingencia para asegurar la conectividad en las zonas que se est\u00e1n viendo afectadas por <a href=\"https:\/\/elpais.com\/noticias\/incendios\/\" rel=\"nofollow noopener\" target=\"_blank\">la ola de incendios que asola la geograf\u00eda espa\u00f1ola<\/a>. No obstante, por el momento, las incidencias son m\u00ednimas y tanto la telefon\u00eda m\u00f3vil como la conexi\u00f3n a Internet por banda ancha fija est\u00e1n funcionando con plena normalidad, informaron fuentes de las compa\u00f1\u00edas. <\/p>\n<p>Telef\u00f3nica<\/p>\n<p class=\"\">De esta forma, Telef\u00f3nica tiene desplegado un amplio operativo para mantener la conectividad en las zonas afectadas por los incendios. Y ha movilizado un equipo de m\u00e1s de 200 personas, unidades m\u00f3viles y, por el momento, por encima de 30 soluciones temporales de conectividad para garantizar el servicio en las \u00e1reas da\u00f1adas por los incendios en distintas regiones de Espa\u00f1a.<\/p>\n<p class=\"\">El objetivo prioritario ha sido mantener la cobertura de comunicaci\u00f3n para los equipos de extinci\u00f3n, los puestos avanzados de emergencias, hospitales, centros de salud y poblaciones afectadas. Entre las medidas adoptadas se incluyen equipos satelitales, mochilas conectadas a los sat\u00e9lites, refuerzo de conectividad m\u00f3vil en las torres, as\u00ed como radioenlaces de emergencia. Las unidades m\u00f3viles van equipadas con antenas y tecnolog\u00eda para ofrecer conectividad inmediata. Tambi\u00e9n se han instalado grupos electr\u00f3genos en estaciones base para asegurar el suministro el\u00e9ctrico.<\/p>\n<p class=\"\">El operativo se coordina de forma estrecha con instituciones y Fuerzas de Seguridad, lo que permite que los t\u00e9cnicos trabajen con seguridad y avancen en la reposici\u00f3n de cualquier elemento de red da\u00f1ados por el fuego.<\/p>\n<p class=\"\">Desde el primer momento, Telef\u00f3nica ha dado prioridad a garantizar la cobertura m\u00f3vil para los equipos sobre el terreno, los centros de coordinaci\u00f3n y los servicios sanitarios. Una vez asegurada la zona, los esfuerzos se han centrado en, cuando ha sido necesario, restablecer la conectividad general lo antes posible, reparando cualquier infraestructura afectada, que, por el momento, ha sido m\u00ednima, seg\u00fan ha informado la compa\u00f1\u00eda.<\/p>\n<p>MasOrange<\/p>\n<p class=\"\">Por su parte, MasOrange, el mayor operador en n\u00famero de clientes en Espa\u00f1a, ha incrementado un 50% sus recursos t\u00e9cnicos y humanos en las zonas afectadas por incendios para asegurar la continuidad del servicio de telecomunicaciones. Ante las condiciones extremas provocadas por los incendios forestales y las olas de calor, la compa\u00f1\u00eda ha reforzado su centro de supervisi\u00f3n de red y mantiene una vigilancia activa sobre nueve provincias con incendios en curso y otras catorce por riesgo elevado de temperatura.<\/p>\n<p class=\"\">El plan incluye m\u00e1s de 100 personas adicionales desplegadas en trabajos de campo, dedicadas a solventar posibles incidencias o cortes de conectividad. MasOrange, nacida de la fusi\u00f3n entre Orange y M\u00e1sM\u00f3vil, ha activado tambi\u00e9n canales de comunicaci\u00f3n directa con las administraciones p\u00fablicas en las zonas afectadas, para colaborar de forma inmediata ante cualquier necesidad t\u00e9cnica o de emergencia. La empresa ha trasladado su solidaridad con las personas y familias afectadas por los incendios que afectan a diversas regiones de Espa\u00f1a.<\/p>\n<p>Vodafone<\/p>\n<p class=\"\">Vodafone Espa\u00f1a tambi\u00e9n ha incrementado sus recursos en las zonas afectadas por los incendios para asegurar la continuidad del servicio de telecomunicaciones. La operadora trabaja en coordinaci\u00f3n con la Xunta de Galicia, la Junta de Castilla y Le\u00f3n y la Unidad Militar de Emergencias y otras administraciones p\u00fablicas para priorizar el restablecimiento del servicio y garantizar cobertura en los campamentos base desde donde se coordinan las brigadas de extinci\u00f3n.<\/p>\n<p class=\"\">La compa\u00f1\u00eda ha aumentado sus efectivos sobre el terreno, ha desplegado varias unidades m\u00f3viles que se han distribuido en las zonas m\u00e1s afectadas por el fuego y mantiene una estrecha vigilancia de la capacidad y disponibilidad de la red en todo el territorio desde su centro de control.<\/p>\n<p class=\"\">Vodafone Espa\u00f1a ha solucionado el corte de su red de fibra que se ha producido este martes por la ma\u00f1ana por los incendios en las zonas de Ourense y Le\u00f3n por un \u201cbreve espacio de tiempo\u201d. <\/p>\n<p class=\"\">El principal problema son las acometidas el\u00e9ctricas quemadas a las que es dif\u00edcil acceder. Adem\u00e1s, el fuego dificulta y en muchos casos hace inviable instalar grupos electr\u00f3genos por su peligrosidad en estos escenarios. No obstante, los efectivos continuar\u00e1n trabajando hasta lograr el restablecimiento total del servicio a medida que sea posible, seg\u00fan la compa\u00f1\u00eda.<\/p>\n<p class=\"\">Adem\u00e1s, Vodafone est\u00e1 activando datos ilimitados en las l\u00edneas m\u00f3viles sin coste para que los clientes que hayan perdido sus domicilios o hayan sido desalojados dispongan de conectividad. Asimismo, la operadora facilitar\u00e1 la reposici\u00f3n de los equipos sin coste cuando sea necesario.<\/p>\n","protected":false},"excerpt":{"rendered":"Las operadoras de telecomunicaciones han puesto en marcha planes de contingencia para asegurar la conectividad en las zonas&hellip;\n","protected":false},"author":2,"featured_media":57860,"comment_status":"","ping_status":"","sticky":false,"template":"","format":"standard","meta":{"footnotes":""},"categories":[80],"tags":[82,95,94,12226,25,24,4342,20686,13913,23,6538,1826,11863],"class_list":{"0":"post-57859","1":"post","2":"type-post","3":"status-publish","4":"format-standard","5":"has-post-thumbnail","7":"category-economia","8":"tag-business","9":"tag-economia","10":"tag-economy","11":"tag-emergencia-climatica","12":"tag-es","13":"tag-espana","14":"tag-incendios","15":"tag-incendios-forestales-intencionados","16":"tag-masorange","17":"tag-spain","18":"tag-telecomunicaciones","19":"tag-telefonica","20":"tag-vodafone"},"share_on_mastodon":{"url":"","error":""},"_links":{"self":[{"href":"https:\/\/www.europesays.com\/es\/wp-json\/wp\/v2\/posts\/57859","targetHints":{"allow":["GET"]}}],"collection":[{"href":"https:\/\/www.europesays.com\/es\/wp-json\/wp\/v2\/posts"}],"about":[{"href":"https:\/\/www.europesays.com\/es\/wp-json\/wp\/v2\/types\/post"}],"author":[{"embeddable":true,"href":"https:\/\/www.europesays.com\/es\/wp-json\/wp\/v2\/users\/2"}],"replies":[{"embeddable":true,"href":"https:\/\/www.europesays.com\/es\/wp-json\/wp\/v2\/comments?post=57859"}],"version-history":[{"count":0,"href":"https:\/\/www.europesays.com\/es\/wp-json\/wp\/v2\/posts\/57859\/revisions"}],"wp:featuredmedia":[{"embeddable":true,"href":"https:\/\/www.europesays.com\/es\/wp-json\/wp\/v2\/media\/57860"}],"wp:attachment":[{"href":"https:\/\/www.europesays.com\/es\/wp-json\/wp\/v2\/media?parent=57859"}],"wp:term":[{"taxonomy":"category","embeddable":true,"href":"https:\/\/www.europesays.com\/es\/wp-json\/wp\/v2\/categories?post=57859"},{"taxonomy":"post_tag","embeddable":true,"href":"https:\/\/www.europesays.com\/es\/wp-json\/wp\/v2\/tags?post=57859"}],"curies":[{"name":"wp","href":"https:\/\/api.w.org\/{rel}","templated":true}]}}