{"id":57871,"date":"2025-08-19T12:21:10","date_gmt":"2025-08-19T12:21:10","guid":{"rendered":"https:\/\/www.europesays.com\/es\/57871\/"},"modified":"2025-08-19T12:21:10","modified_gmt":"2025-08-19T12:21:10","slug":"el-tenis-espanol-empieza-a-lo-grande-en-winston-salem","status":"publish","type":"post","link":"https:\/\/www.europesays.com\/es\/57871\/","title":{"rendered":"El tenis espa\u00f1ol empieza a lo grande en Winston-Salem"},"content":{"rendered":"<p class=\"parrafo\">La cosas van bien para el tenis espa\u00f1ol. Mientras <strong>Carlos Alcaraz sigue dejando unas muy buenas sensaciones<\/strong> en esta gira norteamericana de pista r\u00e1pida, por detr\u00e1s de \u00e9l hay muchos nombres con talento y tenis para dar muchas alegr\u00edas a la armada. Mientras los j\u00f3venes comienzan a despertar y a sumar victorias y alegr\u00edas en busca de afianzarse en la \u00e9lite, la realidad es que despu\u00e9s del murciano lo que hay sn tenistas contrastados que <strong>o bien quieren recuperar el nivel del pasado o bien est\u00e1n peleando por mejorar en el ranking<\/strong>. Un buen ejemplo ha llegado en <strong>el ATP 250 de Winston-Salem<\/strong>.<\/p>\n<p class=\"parrafo\">Con <a href=\"https:\/\/www.estadiodeportivo.com\/tenis\/carlos-alcaraz-enfrenta-imposible-20250818-508313.html\" target=\"_blank\" class=\"intext-link\" rel=\"nofollow noopener\">el murciano buscando el Masters 1000 de Cincinnati en una gran final ante Jannik Sinner<\/a>, no hay que moverse demasiado para encontrar este torneo previo al US Open en Carolina del Norte. All\u00ed hay muchos jugadores que est\u00e1n tratando de mejorar su ranking de \u00fatlima hora antes de llegar a Flushing Meadows y entre ellos hay varios espa\u00f1oles, los cu\u00e1les han comenzado bien. De hecho, hasta ahora los dos que han jugado han podido alzar los brazos tras buenas victorias. Se trata de <strong>Pablo Carre\u00f1o y Pedro Mart\u00ednez<\/strong>, quienes ya est\u00e1n<strong> en segunda ronda <\/strong>tras derrotar al japon\u00e9s Yoshihito Nishioka (6-0, 6-3) y al belga David Goffin (6-3, 6-3) respectivamente. <\/p>\n<p><img decoding=\"async\" src=\"https:\/\/www.europesays.com\/es\/wp-content\/uploads\/2025\/08\/28f26aed-f780-4d34-b347-65c8e4e65b96_800x450.jpeg\" loading=\"lazy\"\/><\/p>\n<p class=\"parrafo\">En el caso del asturiano <strong>no dio la m\u00e1s m\u00ednima opci\u00f3n al nip\u00f3n<\/strong>, que sigue la pelea contra su f\u00edsico y se le vio muy desarbolado hasta terminar recibiendo una paliza de este calibre de forma muy dolorosa. Mientras que en el caso del valenciano, no encontr\u00f3 la oposici\u00f3n esperada en el belga, un jugador tan talentoso como guadianesco y que esta vez <strong>no fue capaz de agarrarse al partido y fue vapuleado de forma muy dolorosa<\/strong> en dos sets.<\/p>\n<p><a class=\"elementos-rel-t2\" href=\"https:\/\/www.estadiodeportivo.com\/tenis\/carlos-alcaraz-enfrenta-imposible-20250818-508313.html\" title=\"Carlos Alcaraz se enfrenta a un imposible\" rel=\"nofollow noopener\" target=\"_blank\">Carlos Alcaraz se enfrenta a un imposible<img decoding=\"async\" src=\"https:\/\/www.europesays.com\/es\/wp-content\/uploads\/2025\/08\/1dd414fc-3982-46a8-a31d-c27d4d3b0879_320x180.jpeg\" alt=\"Carlos Alcaraz se enfrenta a un imposible\"\/><\/a><a class=\"elementos-rel-t2\" href=\"https:\/\/www.estadiodeportivo.com\/tenis\/novak-djokovic-enciende-las-alarmas-antes-del-open-20250817-508196.html\" title=\"Novak Djokovic enciende las alarmas antes del US Open\" rel=\"nofollow noopener\" target=\"_blank\">Novak Djokovic enciende las alarmas antes del US Open<img decoding=\"async\" src=\"https:\/\/www.europesays.com\/es\/wp-content\/uploads\/2025\/08\/4382787a-e678-4e3c-8013-2c97ffb9a89a_320x180.jpeg\" alt=\"Novak Djokovic enciende las alarmas antes del US Open\"\/><\/a><a class=\"elementos-rel-t2\" href=\"https:\/\/www.estadiodeportivo.com\/tenis\/carlos-alcaraz-pone-cerco-reinado-jannik-sinner-20250818-508224.html\" title=\"Carlos Alcaraz le pone cerco al reinado de Jannik Sinner\" rel=\"nofollow noopener\" target=\"_blank\">Carlos Alcaraz le pone cerco al reinado de Jannik Sinner<img decoding=\"async\" src=\"https:\/\/www.europesays.com\/es\/wp-content\/uploads\/2025\/08\/3880fc7e-9260-41cc-b1e4-c511250bc877_320x180.jpeg\" alt=\"Carlos Alcaraz le pone cerco al reinado de Jannik Sinner\"\/><\/a>Lo que viene, de mucho nivel<\/p>\n<p class=\"parrafo\"><a href=\"https:\/\/www.estadiodeportivo.com\/tenis\/novak-djokovic-enciende-las-alarmas-antes-del-open-20250817-508196.html\" target=\"_blank\" class=\"intext-link\" rel=\"nofollow noopener\">Pese a la cercan\u00eda del US Open<\/a> y al sobre el papel poco bagaje del evento, <strong>la realidad es que hay un cuadro de mucho nivel<\/strong>. En \u00e9l no son pocos los jugadores con opciones de ganar y varios de ellos van a cruzarse en el camino de los espa\u00f1oles. Por ejemplo Carre\u00f1o, quien se medir\u00e1 <strong>al argentino Sebasti\u00e1n B\u00e1ez<\/strong>, d\u00e9cimo cabeza de serie, mientras que Mart\u00ednez tendr\u00e1 como rival al franc\u00e9s Giovanni Mpetshi Perricard, 9\u00ba favorito y uno de los grandes sacadores del tenis mundial. Mientras que <strong>en segunda ronda debutan Jaume Munar y Roberto Bautista<\/strong>, que tambi\u00e9n tratar\u00e1n de mantener este nivel tan alto.<\/p>\n","protected":false},"excerpt":{"rendered":"La cosas van bien para el tenis espa\u00f1ol. Mientras Carlos Alcaraz sigue dejando unas muy buenas sensaciones en&hellip;\n","protected":false},"author":2,"featured_media":57872,"comment_status":"","ping_status":"","sticky":false,"template":"","format":"standard","meta":{"footnotes":""},"categories":[274],"tags":[1691,168,25,24,284,9582,12326,23,167,327,326],"class_list":{"0":"post-57871","1":"post","2":"type-post","3":"status-publish","4":"format-standard","5":"has-post-thumbnail","7":"category-tenis","8":"tag-atp","9":"tag-deportes","10":"tag-es","11":"tag-espana","12":"tag-estadio-deportivo","13":"tag-pablo-carreno","14":"tag-pedro-martinez","15":"tag-spain","16":"tag-sports","17":"tag-tenis","18":"tag-tennis"},"share_on_mastodon":{"url":"","error":""},"_links":{"self":[{"href":"https:\/\/www.europesays.com\/es\/wp-json\/wp\/v2\/posts\/57871","targetHints":{"allow":["GET"]}}],"collection":[{"href":"https:\/\/www.europesays.com\/es\/wp-json\/wp\/v2\/posts"}],"about":[{"href":"https:\/\/www.europesays.com\/es\/wp-json\/wp\/v2\/types\/post"}],"author":[{"embeddable":true,"href":"https:\/\/www.europesays.com\/es\/wp-json\/wp\/v2\/users\/2"}],"replies":[{"embeddable":true,"href":"https:\/\/www.europesays.com\/es\/wp-json\/wp\/v2\/comments?post=57871"}],"version-history":[{"count":0,"href":"https:\/\/www.europesays.com\/es\/wp-json\/wp\/v2\/posts\/57871\/revisions"}],"wp:featuredmedia":[{"embeddable":true,"href":"https:\/\/www.europesays.com\/es\/wp-json\/wp\/v2\/media\/57872"}],"wp:attachment":[{"href":"https:\/\/www.europesays.com\/es\/wp-json\/wp\/v2\/media?parent=57871"}],"wp:term":[{"taxonomy":"category","embeddable":true,"href":"https:\/\/www.europesays.com\/es\/wp-json\/wp\/v2\/categories?post=57871"},{"taxonomy":"post_tag","embeddable":true,"href":"https:\/\/www.europesays.com\/es\/wp-json\/wp\/v2\/tags?post=57871"}],"curies":[{"name":"wp","href":"https:\/\/api.w.org\/{rel}","templated":true}]}}