{"id":578798,"date":"2026-05-30T11:31:16","date_gmt":"2026-05-30T11:31:16","guid":{"rendered":"https:\/\/www.europesays.com\/es\/578798\/"},"modified":"2026-05-30T11:31:16","modified_gmt":"2026-05-30T11:31:16","slug":"buscan-en-portugal-a-un-ciclista-que-agredio-brutalmente-a-una-mujer-tras-una-discusion-de-trafico-y-fue-grabado-por-un-vecino","status":"publish","type":"post","link":"https:\/\/www.europesays.com\/es\/578798\/","title":{"rendered":"Buscan en Portugal a un ciclista que agredi\u00f3 brutalmente a una mujer tras una discusi\u00f3n de tr\u00e1fico y fue grabado por un vecino"},"content":{"rendered":"<p class=\"c-paragraph\">Las autoridades de <a href=\"https:\/\/www.20minutos.es\/tags\/lugares\/portugal.html\" title=\"Portugal\" rel=\"nofollow noopener\" target=\"_blank\">Portugal<\/a> buscan a <b>un ciclista que agredi\u00f3 brutalmente a una conductora<\/b> tras una discusi\u00f3n de tr\u00e1fico en Matosinhos (norte del pa\u00eds), y que fue grabado por un vecino.<\/p>\n<p class=\"c-paragraph\">En el v\u00eddeo se ve c\u00f3mo el ciclista arremete contra la mujer, de 37 a\u00f1os de edad, y la emprende a pu\u00f1etazos con ella. El hombre logra tirarla al suelo tras tirarle del pelo y cuando est\u00e1 en el suelo, si<b>gue golpe\u00e1ndola con sa\u00f1a.<\/b><\/p>\n<p class=\"c-paragraph\">Algunos transe\u00fantes se acercan para intentar que el ciclista deje de agredir a la mujer. Mientras, toda la escena<b> es grabada por un vecino desde un portal cercano.<\/b><\/p>\n<p class=\"c-paragraph\">Seg\u00fan algunos testigos, la discusi\u00f3n comenz\u00f3 cuando el ciclista golpe\u00f3 el espejo retrovisor de la mujer. Seg\u00fan la v\u00edctima, <b>el violento ciclista golpe\u00f3 hasta tres veces su coche.<\/b><\/p>\n<p class=\"c-paragraph\">El ciclista huy\u00f3 del lugar de los hechos antes de que llegara la polic\u00eda. La mujer fue trasladada a un centro hospitalario local, donde <b>fue tratada de heridas leves.<\/b><\/p>\n<p class=\"c-paragraph\">Posteriormente, formul\u00f3 una denuncia ante la polic\u00eda, que<b> est\u00e1 intentando identificar al ciclista. <\/b>El v\u00eddeo de la brutal agresi\u00f3n se ha difundido en redes sociales, donde se ha hecho un llamamiento para localizarlo.<\/p>\n","protected":false},"excerpt":{"rendered":"Las autoridades de Portugal buscan a un ciclista que agredi\u00f3 brutalmente a una conductora tras una discusi\u00f3n de&hellip;\n","protected":false},"author":2,"featured_media":578799,"comment_status":"","ping_status":"","sticky":false,"template":"","format":"standard","meta":{"footnotes":""},"categories":[42],"tags":[17,18,13326,1757,13,14,11,61,62,63,64,19,20,9,10,15,16,1462,2074,12,21,22,16743,65,66,67],"class_list":["post-578798","post","type-post","status-publish","format-standard","has-post-thumbnail","category-internacional","tag-breaking-news","tag-breakingnews","tag-buscan","tag-ciclista","tag-featured-news","tag-featurednews","tag-headlines","tag-internacional","tag-international","tag-international-news","tag-internationalnews","tag-latest-news","tag-latestnews","tag-news","tag-noticias","tag-noticias-destacadas","tag-noticiasdestacadas","tag-portugal","tag-que","tag-titulares","tag-ultimas-noticias","tag-ultimasnoticias","tag-un","tag-world","tag-world-news","tag-worldnews"],"share_on_mastodon":{"url":"https:\/\/pubeurope.com\/@es\/116663306678914440","error":""},"_links":{"self":[{"href":"https:\/\/www.europesays.com\/es\/wp-json\/wp\/v2\/posts\/578798","targetHints":{"allow":["GET"]}}],"collection":[{"href":"https:\/\/www.europesays.com\/es\/wp-json\/wp\/v2\/posts"}],"about":[{"href":"https:\/\/www.europesays.com\/es\/wp-json\/wp\/v2\/types\/post"}],"author":[{"embeddable":true,"href":"https:\/\/www.europesays.com\/es\/wp-json\/wp\/v2\/users\/2"}],"replies":[{"embeddable":true,"href":"https:\/\/www.europesays.com\/es\/wp-json\/wp\/v2\/comments?post=578798"}],"version-history":[{"count":0,"href":"https:\/\/www.europesays.com\/es\/wp-json\/wp\/v2\/posts\/578798\/revisions"}],"wp:featuredmedia":[{"embeddable":true,"href":"https:\/\/www.europesays.com\/es\/wp-json\/wp\/v2\/media\/578799"}],"wp:attachment":[{"href":"https:\/\/www.europesays.com\/es\/wp-json\/wp\/v2\/media?parent=578798"}],"wp:term":[{"taxonomy":"category","embeddable":true,"href":"https:\/\/www.europesays.com\/es\/wp-json\/wp\/v2\/categories?post=578798"},{"taxonomy":"post_tag","embeddable":true,"href":"https:\/\/www.europesays.com\/es\/wp-json\/wp\/v2\/tags?post=578798"}],"curies":[{"name":"wp","href":"https:\/\/api.w.org\/{rel}","templated":true}]}}