{"id":578860,"date":"2026-05-30T12:17:13","date_gmt":"2026-05-30T12:17:13","guid":{"rendered":"https:\/\/www.europesays.com\/es\/578860\/"},"modified":"2026-05-30T12:17:13","modified_gmt":"2026-05-30T12:17:13","slug":"el-director-general-de-la-oms-visita-el-epicentro-del-brote-de-ebola-en-rdc","status":"publish","type":"post","link":"https:\/\/www.europesays.com\/es\/578860\/","title":{"rendered":"El director general de la OMS visita el epicentro del brote de \u00e9bola en RDC"},"content":{"rendered":"<p>    <img src=\"https:\/\/www.europesays.com\/es\/wp-content\/uploads\/2026\/05\/2026-05-30T113A333A01Z-91500166.jpg\" width=\"1024\" height=\"682\" alt=\"\" loading=\"eager\" decoding=\"sync\" fetchpriority=\"high\"\/><\/p>\n<p>            afp_tickers        <\/p>\n<p>        Este contenido fue publicado en    <\/p>\n<p>        30 mayo 2026 &#8211; 13:33\n<\/p>\n<p>El director general de la Organizaci\u00f3n Mundial de la Salud (OMS), Tedros Adhanom Ghebreyesus, lleg\u00f3 este s\u00e1bado a Bunia, capital de la provincia de Ituri, epicentro de un grave brote de \u00e9bola que avanza en el este de la Rep\u00fablica Democr\u00e1tica del Congo (RDC).<\/p>\n<p>Ghebreyesus, que se encuentra en la RDC desde el jueves, aterriz\u00f3 este s\u00e1bado en el aeropuerto internacional de Bunia, cerrado a los vuelos comerciales debido a la epidemia, seg\u00fan constat\u00f3 un periodista de la AFP.<\/p>\n<p>\u00abEstamos aqu\u00ed para dialogar con la comunidad, para comprender c\u00f3mo se est\u00e1 llevando a cabo la respuesta e identificar las posibles dificultades a la hora de poder ofrecer nuestro apoyo\u00bb, declar\u00f3 ante la prensa.<\/p>\n<p>La RDC, uno de los pa\u00edses m\u00e1s pobres del mundo, declar\u00f3 el 15 de mayo un nuevo brote que afecta a su vasto territorio de m\u00e1s de 100 millones de habitantes.\u00a0<\/p>\n<p>La OMS ha activado una alerta sanitaria internacional.<\/p>\n<p>El virus del \u00e9bola, que provoca una fiebre hemorr\u00e1gica extremadamente contagiosa, ya se ha detectado en tres provincias congole\u00f1as, as\u00ed como en la vecina Uganda, donde este viernes se confirmaron dos nuevos casos, lo que eleva a nueve el n\u00famero de casos confirmados en este pa\u00eds de \u00c1frica Oriental.<\/p>\n<p>En la RDC se han registrado 246 muertes entre m\u00e1s de 1.000 casos sospechosos, seg\u00fan el balance del jueves del \u00c1frica CDC, la agencia sanitaria de la Uni\u00f3n Africana (UA).<\/p>\n<p>La provincia de Ituri concentra la mayor\u00eda de los casos confirmados en la RDC, seg\u00fan la OMS.<\/p>\n<p>Las autoridades sanitarias internacionales estiman que la magnitud de la epidemia a\u00fan no se conoce y que las cifras probablemente est\u00e1n subestimadas, principalmente debido a la limitada capacidad de la RDC para realizar pruebas de laboratorio que confirmen los casos de transmisi\u00f3n.<\/p>\n<p>El \u00e9bola ha causado m\u00e1s de 15.000 muertes en \u00c1frica en los \u00faltimos 50 a\u00f1os.<\/p>\n<p>El brote m\u00e1s mort\u00edfero en la RDC dej\u00f3 casi 2.300 muertos entre 3.500 enfermos registrados de 2018 a 2020.<\/p>\n<p>bur-clt\/eba\/pc\/avl<\/p>\n","protected":false},"excerpt":{"rendered":"afp_tickers Este contenido fue publicado en 30 mayo 2026 &#8211; 13:33 El director general de la Organizaci\u00f3n Mundial&hellip;\n","protected":false},"author":2,"featured_media":578861,"comment_status":"","ping_status":"","sticky":false,"template":"","format":"standard","meta":{"footnotes":""},"categories":[42],"tags":[17,18,58126,83,8543,58127,13,14,11,165,61,62,63,14688,86,64,19,20,9,10,15,16,88,90,12,21,22,65,66,67],"class_list":["post-578860","post","type-post","status-publish","format-standard","has-post-thumbnail","category-internacional","tag-breaking-news","tag-breakingnews","tag-communicable-diseases","tag-diplomacy","tag-disease","tag-epidemic-and-plague","tag-featured-news","tag-featurednews","tag-headlines","tag-health","tag-internacional","tag-international","tag-international-news","tag-international-organisation","tag-international-relations","tag-internationalnews","tag-latest-news","tag-latestnews","tag-news","tag-noticias","tag-noticias-destacadas","tag-noticiasdestacadas","tag-politics","tag-ticker","tag-titulares","tag-ultimas-noticias","tag-ultimasnoticias","tag-world","tag-world-news","tag-worldnews"],"share_on_mastodon":{"url":"","error":"Validation failed: Text character limit of 500 exceeded"},"_links":{"self":[{"href":"https:\/\/www.europesays.com\/es\/wp-json\/wp\/v2\/posts\/578860","targetHints":{"allow":["GET"]}}],"collection":[{"href":"https:\/\/www.europesays.com\/es\/wp-json\/wp\/v2\/posts"}],"about":[{"href":"https:\/\/www.europesays.com\/es\/wp-json\/wp\/v2\/types\/post"}],"author":[{"embeddable":true,"href":"https:\/\/www.europesays.com\/es\/wp-json\/wp\/v2\/users\/2"}],"replies":[{"embeddable":true,"href":"https:\/\/www.europesays.com\/es\/wp-json\/wp\/v2\/comments?post=578860"}],"version-history":[{"count":0,"href":"https:\/\/www.europesays.com\/es\/wp-json\/wp\/v2\/posts\/578860\/revisions"}],"wp:featuredmedia":[{"embeddable":true,"href":"https:\/\/www.europesays.com\/es\/wp-json\/wp\/v2\/media\/578861"}],"wp:attachment":[{"href":"https:\/\/www.europesays.com\/es\/wp-json\/wp\/v2\/media?parent=578860"}],"wp:term":[{"taxonomy":"category","embeddable":true,"href":"https:\/\/www.europesays.com\/es\/wp-json\/wp\/v2\/categories?post=578860"},{"taxonomy":"post_tag","embeddable":true,"href":"https:\/\/www.europesays.com\/es\/wp-json\/wp\/v2\/tags?post=578860"}],"curies":[{"name":"wp","href":"https:\/\/api.w.org\/{rel}","templated":true}]}}