{"id":57927,"date":"2025-08-19T12:55:13","date_gmt":"2025-08-19T12:55:13","guid":{"rendered":"https:\/\/www.europesays.com\/es\/57927\/"},"modified":"2025-08-19T12:55:13","modified_gmt":"2025-08-19T12:55:13","slug":"pueden-denunciar-al-real-madrid-por-alineacion-indebida-si-mastantuono-juega-contra-osasuna","status":"publish","type":"post","link":"https:\/\/www.europesays.com\/es\/57927\/","title":{"rendered":"\u00bfPueden denunciar al Real Madrid por alineaci\u00f3n indebida si Mastantuono juega contra Osasuna?"},"content":{"rendered":"<p class=\"paragraph\" id=\"paragraph_1\"><a href=\"https:\/\/www.elespanol.com\/deportes\/futbol\/20250814\/promesa-mastantuono-dia-hace-realidad-sueno-voy-dejarme-vida-hincha-campo\/1003743886590_0.html?utm_cmp_rs=linksinline\" rel=\"nofollow noopener\" target=\"_blank\">El <strong>Real Madrid<\/strong> present\u00f3 la pasada semana a su \u00faltimo fichaje, <\/a><strong><a href=\"https:\/\/www.elespanol.com\/deportes\/futbol\/20250814\/promesa-mastantuono-dia-hace-realidad-sueno-voy-dejarme-vida-hincha-campo\/1003743886590_0.html?utm_cmp_rs=linksinline\" rel=\"nofollow noopener\" target=\"_blank\">Franco Mastantuono<\/a>,<\/strong> la joven perla argentina que se entren\u00f3 en solitario en <strong>Valdebebas<\/strong> y esper\u00f3 hasta cumplir 18 a\u00f1os para ser inscrito oficialmente por restricciones de la\u00a0<strong>FIFA<\/strong>.<\/p>\n<p class=\"paragraph\" id=\"paragraph_2\">Alcanzada la mayor\u00eda de edad, <a href=\"https:\/\/www.elespanol.com\/deportes\/futbol\/20250814\/franco-mastantuono-lleva-dorsal-numero-real-madrid-interes-club-blanco-detras\/1003743886286_0.html?utm_cmp_rs=linksinline\" rel=\"nofollow noopener\" target=\"_blank\">Franco Mastantuono se enfund\u00f3 el d\u00eda 14 la camiseta blanca con el dorsal 30<\/a>. Fue inscrito con ficha del <strong>Castilla,<\/strong> a pesar de haber costado 45 millones de euros y de que el club dispon\u00eda de una plaza en el primer equipo.<\/p>\n<p class=\"paragraph\" id=\"paragraph_3\">\u00abLe hab\u00eda pedido al presidente si pod\u00eda usar el n\u00famero 30, es un n\u00famero muy especial para m\u00ed. Es el que usaba en River y segu\u00eda teniendo la ilusi\u00f3n de seguir llev\u00e1ndolo. Por suerte, as\u00ed se dio\u00bb, expres\u00f3 Mastantuono en su presentaci\u00f3n.<\/p>\n<p><img loading=\"lazy\" decoding=\"async\" alt=\"Mastantuono, en su \u00e9poca jugando al tenis de joven y con River Plate\" height=\"180\" src=\"https:\/\/www.europesays.com\/es\/wp-content\/uploads\/2025\/08\/1003743885743_257973223_320x180.jpg\" width=\"320\" data-lazy-status=\"processed\" data-lazy-info=\"remove loading item 1\"\/><\/p>\n<p class=\"paragraph\" id=\"paragraph_4\">La explicaci\u00f3n t\u00e9cnica reside en la normativa espa\u00f1ola: los clubes de <strong>LaLiga<\/strong> solo manejan 25 fichas profesionales numeradas \u2014del 1 al 25\u2014, por lo que la inscripci\u00f3n en el filial es un recurso administrativo para gestionar dorsales y plantilla.<\/p>\n<p class=\"paragraph\" id=\"paragraph_5\">Seg\u00fan el art\u00edculo 125 del Reglamento General de la <strong>RFEF<\/strong> veta que la relaci\u00f3n de dependencia filial sirva para eludir el esp\u00edritu de la norma, calificando como fraude de ley cualquier pacto interpretado en ese sentido.<\/p>\n<p class=\"paragraph\" id=\"paragraph_6\">Pese a ello, la pr\u00e1ctica es cotidiana. Equipos de Primera recurren a inscripciones en filiales por razones contables y salariales; la pol\u00e9mica crece cuando el protagonista es el Madrid por la magnitud medi\u00e1tica y econ\u00f3mica del fichaje, pero no por excepcionalidad jur\u00eddica.<\/p>\n<p class=\"paragraph\" id=\"paragraph_7\">En la pr\u00e1ctica, cualquier club podr\u00eda presentar una denuncia, pero ser\u00eda una acci\u00f3n con pocos visos de prosperar: la generalizaci\u00f3n del mecanismo y la doble v\u00eda legal de alternancia entre filial y primer equipo reducen el recorrido sancionador.\u00a0<\/p>\n<p class=\"paragraph\" id=\"paragraph_8\">Adem\u00e1s, el propio club tendr\u00eda una defensa sencilla: alinear a Mastantuono en el <strong>Castilla<\/strong> o acreditar que su uso responde a criterios de plantilla evita la tesis del fraude, complicando una condena por alineaci\u00f3n indebida prevista en el art\u00edculo 248.<\/p>\n<p class=\"paragraph\" id=\"paragraph_9\">Precedentes cercanos avalan esta tesis. Casos de jugadores de alto precio inscritos inicialmente en filiales, como el de <strong>Vinicius<\/strong>, muestran que la resoluci\u00f3n disciplinaria suele dirimirse a favor de criterios administrativos y deportivos combinados.<\/p>\n<p class=\"paragraph\" id=\"paragraph_10\">La l\u00f3gica econ\u00f3mica subyacente es el Fair Play Financiero y el l\u00edmite salarial de LaLiga, que empujan a clubes a f\u00f3rmulas contables para inscribir incorporaciones sin agravar el tope salarial, una pr\u00e1ctica tolerada y regulada dentro del marco normativo.<\/p>\n<p class=\"paragraph\" id=\"paragraph_11\">Ejemplos de los \u00faltimos a\u00f1os lo confirman:\u00a0<strong>Dario Essugo<\/strong>, <strong>F\u00e1bio Silva\u00a0<\/strong>y <strong>Juli\u00e1n Araujo<\/strong> (Las Palmas),\u00a0<strong>Sergi Altimira<\/strong>\u00a0<strong>y\u00a0<\/strong><strong>Chadi Riad<\/strong>\u00a0(Betis), <strong>Samu Omorodion<\/strong> (Alav\u00e9s), <strong>Sergio Camello<\/strong> (Rayo) o <strong>Lucien Agoum\u00e9<\/strong> y\u00a0<strong>Hannibal Mejbri<\/strong>\u00a0(Sevilla) son solo algunos de los jugadores que fueron inscritos con ficha de filial en sus clubes pese a formar parte del primer equipo desde el inicio.<\/p>\n<p><img decoding=\"async\" alt=\"Imagen de Franco Mastantuono de peque\u00f1o y con la camiseta del Real Madrid.\" height=\"180\" loading=\"lazy\" width=\"320\" data-lazy-status=\"processed\" id=\"955c78a6cb\" src=\"https:\/\/www.elespanol.com\/deportes\/futbol\/20250819\/denunciar-real-madrid-alineacion-indebida-mastantuono-juega-osasuna\/[\" https:=\"\" data-lazy-info=\"changed src\"\/><\/p>\n<p class=\"paragraph\" id=\"paragraph_12\">Por tanto, sostener que el Real Madrid \u2014que no obtiene ning\u00fan beneficio\u2014 est\u00e1 incurriendo en una irregularidad s\u00f3lida es exagerado: la combinaci\u00f3n de norma, pr\u00e1ctica habitual y alternativas administrativas hace que una denuncia, improbable, tenga escaso recorrido jur\u00eddico y pocas opciones de prosperar.<\/p>\n<p class=\"paragraph\" id=\"paragraph_13\">As\u00ed pues, la hip\u00f3tesis de una impugnaci\u00f3n tiene m\u00e1s fuerza en los titulares que en los tribunales deportivos: jur\u00eddicamente, su recorrido es realmente muy corto.<\/p>\n","protected":false},"excerpt":{"rendered":"El Real Madrid present\u00f3 la pasada semana a su \u00faltimo fichaje, Franco Mastantuono, la joven perla argentina que&hellip;\n","protected":false},"author":2,"featured_media":57928,"comment_status":"","ping_status":"","sticky":false,"template":"","format":"standard","meta":{"footnotes":""},"categories":[93],"tags":[24637,168,25,24,282,2918,7792,23,167],"class_list":{"0":"post-57927","1":"post","2":"type-post","3":"status-publish","4":"format-standard","5":"has-post-thumbnail","7":"category-deportes","8":"tag-club-atletico-osasuna","9":"tag-deportes","10":"tag-es","11":"tag-espana","12":"tag-futbol","13":"tag-la-liga","14":"tag-real-madrid-cf","15":"tag-spain","16":"tag-sports"},"share_on_mastodon":{"url":"","error":""},"_links":{"self":[{"href":"https:\/\/www.europesays.com\/es\/wp-json\/wp\/v2\/posts\/57927","targetHints":{"allow":["GET"]}}],"collection":[{"href":"https:\/\/www.europesays.com\/es\/wp-json\/wp\/v2\/posts"}],"about":[{"href":"https:\/\/www.europesays.com\/es\/wp-json\/wp\/v2\/types\/post"}],"author":[{"embeddable":true,"href":"https:\/\/www.europesays.com\/es\/wp-json\/wp\/v2\/users\/2"}],"replies":[{"embeddable":true,"href":"https:\/\/www.europesays.com\/es\/wp-json\/wp\/v2\/comments?post=57927"}],"version-history":[{"count":0,"href":"https:\/\/www.europesays.com\/es\/wp-json\/wp\/v2\/posts\/57927\/revisions"}],"wp:featuredmedia":[{"embeddable":true,"href":"https:\/\/www.europesays.com\/es\/wp-json\/wp\/v2\/media\/57928"}],"wp:attachment":[{"href":"https:\/\/www.europesays.com\/es\/wp-json\/wp\/v2\/media?parent=57927"}],"wp:term":[{"taxonomy":"category","embeddable":true,"href":"https:\/\/www.europesays.com\/es\/wp-json\/wp\/v2\/categories?post=57927"},{"taxonomy":"post_tag","embeddable":true,"href":"https:\/\/www.europesays.com\/es\/wp-json\/wp\/v2\/tags?post=57927"}],"curies":[{"name":"wp","href":"https:\/\/api.w.org\/{rel}","templated":true}]}}