{"id":579334,"date":"2026-05-30T18:41:11","date_gmt":"2026-05-30T18:41:11","guid":{"rendered":"https:\/\/www.europesays.com\/es\/579334\/"},"modified":"2026-05-30T18:41:11","modified_gmt":"2026-05-30T18:41:11","slug":"alejandra-rubio-debuta-como-escritora-en-la-feria-del-libro-con-el-apoyo-de-carlo-costanzia-y-sonadas-ausencias","status":"publish","type":"post","link":"https:\/\/www.europesays.com\/es\/579334\/","title":{"rendered":"Alejandra Rubio debuta como escritora en la Feria del Libro con el apoyo de Carlo Costanzia y sonadas ausencias"},"content":{"rendered":"<p class=\"c-paragraph\"><a href=\"https:\/\/www.20minutos.es\/tags\/personas\/alejandra-rubio.html\" title=\"Alejandra Rubio\" rel=\"nofollow noopener\" target=\"_blank\">Alejandra Rubio<\/a> ha debutado como escritora en la <a href=\"https:\/\/www.20minutos.es\/tags\/temas\/feria-del-libro.html\" title=\"Feria del Libro\" rel=\"nofollow noopener\" target=\"_blank\">Feria del Libro<\/a> de Madrid, donde ha firmado este viernes <b>ejemplares de su primera novela<\/b>, Si decido arriesgarme. La hija de <a href=\"https:\/\/www.20minutos.es\/tags\/personas\/terelu-campos.html\" title=\"Terelu Campos\" rel=\"nofollow noopener\" target=\"_blank\">Terelu Campos<\/a> ha estado arropada por su pareja, <a href=\"https:\/\/www.20minutos.es\/tags\/personas\/carlo-costanzia.html\" title=\"Carlo Costanzia\" rel=\"nofollow noopener\" target=\"_blank\">Carlo Costanzia<\/a>, y el padre de este en un estreno profesional que ha contado con grandes ausencias.<\/p>\n<p class=\"c-paragraph\">Las c\u00e1maras han captado el momento de la llegada de Alejandra Rubio a su caseta de la Feria, en pleno parque del Retiro, acompa\u00f1ada por su pareja y su suegro. Los tres <b>han posado para los medios de comunicaci\u00f3n<\/b> antes de que Rubio entrase en su caseta para firmar libros.<\/p>\n<p class=\"c-paragraph\">La joven atraviesa un gran momento profesional con su presencia en la Feria del Libro, mientras que en el plano personal se encuentra <b>embarazada de una ni\u00f1a<\/b> que espera junto a Carlo Costanzia, y que ser\u00e1 su segundo hijo en com\u00fan.<\/p>\n<p class=\"c-paragraph\">En el primer d\u00eda de la Feria del Libro, su pareja y su suegro, <b>Carlo Costanzia padre<\/b>, no se quisieron perder el debut literario de Rubio y fueron los \u00fanicos familiares que acudieron a arroparla. Sin hacer menci\u00f3n a la gran ausencia de la madre de Rubio, Terelu Campos, Carlo Costanzia hijo explicaba en declaraciones a los medios que <b>\u00abtodos est\u00e1n invitados\u00bb<\/b>.<\/p>\n<p class=\"c-paragraph\">En este sentido, ha <b>descartado que hubiera habido distinciones <\/b>dentro de la familia a la hora de invitarlos a la firma. \u00abQue venga quien quiera, quien pueda y cuando pueda\u00bb, ha aclarado la pareja de Alejandra Rubio.<\/p>\n<p class=\"c-paragraph\">Por su parte, Rubio, visiblemente nerviosa y con una gran sonrisa, ha declarado a la prensa la emoci\u00f3n que ha sentido por encontrarse con sus lectores. \u00abTen\u00eda <b>muchas ganas de conocerles en persona<\/b> y ha sido un sue\u00f1o\u00bb.<\/p>\n<p class=\"c-paragraph\">Adem\u00e1s de la firma que ha tenido lugar este viernes, la nieta de Mar\u00eda Teresa Campos volver\u00e1 a su caseta de la Feria del Libro para firmar ejemplares de su novela el <b>pr\u00f3ximo domingo 31<\/b>. \u00abVendr\u00e1 m\u00e1s gente, gente que los viernes, por tema de curro, no puede venir\u00bb, ha concluido Carlo Costanzia.<\/p>\n","protected":false},"excerpt":{"rendered":"Alejandra Rubio ha debutado como escritora en la Feria del Libro de Madrid, donde ha firmado este viernes&hellip;\n","protected":false},"author":2,"featured_media":579335,"comment_status":"","ping_status":"","sticky":false,"template":"","format":"standard","meta":{"footnotes":""},"categories":[174],"tags":[5617,9893,255,146,147,25,24,256,5780,7865,23],"class_list":["post-579334","post","type-post","status-publish","format-standard","has-post-thumbnail","category-famosos","tag-alejandra-rubio","tag-carlo-costanzia","tag-celebrities","tag-entertainment","tag-entretenimiento","tag-es","tag-espana","tag-famosos","tag-feria-del-libro","tag-feria-del-libro-de-madrid","tag-spain"],"share_on_mastodon":{"url":"https:\/\/pubeurope.com\/@es\/116664997468024435","error":""},"_links":{"self":[{"href":"https:\/\/www.europesays.com\/es\/wp-json\/wp\/v2\/posts\/579334","targetHints":{"allow":["GET"]}}],"collection":[{"href":"https:\/\/www.europesays.com\/es\/wp-json\/wp\/v2\/posts"}],"about":[{"href":"https:\/\/www.europesays.com\/es\/wp-json\/wp\/v2\/types\/post"}],"author":[{"embeddable":true,"href":"https:\/\/www.europesays.com\/es\/wp-json\/wp\/v2\/users\/2"}],"replies":[{"embeddable":true,"href":"https:\/\/www.europesays.com\/es\/wp-json\/wp\/v2\/comments?post=579334"}],"version-history":[{"count":0,"href":"https:\/\/www.europesays.com\/es\/wp-json\/wp\/v2\/posts\/579334\/revisions"}],"wp:featuredmedia":[{"embeddable":true,"href":"https:\/\/www.europesays.com\/es\/wp-json\/wp\/v2\/media\/579335"}],"wp:attachment":[{"href":"https:\/\/www.europesays.com\/es\/wp-json\/wp\/v2\/media?parent=579334"}],"wp:term":[{"taxonomy":"category","embeddable":true,"href":"https:\/\/www.europesays.com\/es\/wp-json\/wp\/v2\/categories?post=579334"},{"taxonomy":"post_tag","embeddable":true,"href":"https:\/\/www.europesays.com\/es\/wp-json\/wp\/v2\/tags?post=579334"}],"curies":[{"name":"wp","href":"https:\/\/api.w.org\/{rel}","templated":true}]}}