{"id":579447,"date":"2026-05-30T20:05:28","date_gmt":"2026-05-30T20:05:28","guid":{"rendered":"https:\/\/www.europesays.com\/es\/579447\/"},"modified":"2026-05-30T20:05:28","modified_gmt":"2026-05-30T20:05:28","slug":"el-ayuntamiento-de-madrid-cambia-jardines-del-retiro-que-planto-hace-cinco-anos-por-falta-de-arraigo-y-les-pone-los-colores-del-papa","status":"publish","type":"post","link":"https:\/\/www.europesays.com\/es\/579447\/","title":{"rendered":"El Ayuntamiento de Madrid cambia jardines del Retiro que plant\u00f3 hace cinco a\u00f1os por falta de \u00abarraigo\u00bb y les pone los colores del Papa"},"content":{"rendered":"<p class=\"article-text\">\n        El Ayuntamiento de Madrid acaba de replantar todos los jardines centrales del paseo de M\u00e9xico, la v\u00eda de entrada al Retiro desde la Puerta de Alcal\u00e1. Lo hace cinco a\u00f1os despu\u00e9s de la remodelaci\u00f3n integral de esta zona, en la que se invirtieron 1,4 millones de euros para recuperar esta gran avenida verde y cuyas obras incluyeron entonces la restauraci\u00f3n de las fuentes, nuevos suelos y m\u00e1s mobiliario urbano.\n    <\/p>\n<p class=\"article-text\">\n        Ahora el \u00e1rea de Medio Ambiente lleva semanas trabajando en cambiar los jardines, que han sufrido \u201cproblemas de arraigo\u201d, indican fuentes municipales a este peri\u00f3dico. Para mejorar la nueva plantaci\u00f3n se han renovado tierras con aporte de gravas y se ha sustituido la bordura preexistente de evonimus por una nueva de mirto. En las esquinas se han colocado tambi\u00e9n ejemplares de Ilex crenata, una variedad de acebo, con forma de bola para remarcar el car\u00e1cter singular de la zona.\n    <\/p>\n<p class=\"article-text\">\n        Adem\u00e1s, se ha sustituido el c\u00e9sped por uno nuevo, pero a\u00f1adi\u00e9ndole flores: en el centro ahora tendr\u00e1 plantas de temporada y el estreno ha llegado estos d\u00edas con p\u00e9talos blancos y amarillos en homenaje a la visita de Le\u00f3n XIV.\n    <\/p>\n<p>            <img decoding=\"async\" class=\"lazy\" loading=\"lazy\" data-src=\"https:\/\/static.eldiario.es\/clip\/75c37e2c-cc9b-46f3-b8a5-1b99f1d39b64_16-9-discover-aspect-ratio_default_0.jpg\" src=\"data:image\/svg+xml,%3Csvg xmlns=\" http:=\"\" viewbox=\"0 0 1200 675\" alt=\"Plantaci\u00f3n de las flores en el paseo de M\u00e9xico esta semana\"\/><\/p>\n<p class=\"article-text\">\n        Estas flores son parte de los 28.950 ejemplares distribuidos entre el parterre, el paseo de M\u00e9xico y el paseo de las Estatuas. Con los que se recibir\u00e1 la llegada del Papa. En total, se van a plantar de forma extraordinaria casi 100.000 en toda la ciudad.\n    <\/p>\n<p class=\"article-text\">\n        Las flores suponen casi una quinta parte de los 560.788 ejemplares de diferentes colores y especies que se colocan durante esta primavera en parques, jardines y espacios p\u00fablicos de todos los distritos de Madrid.\n    <\/p>\n<p>    <a href=\"https:\/\/www.eldiario.es\/madrid\/somos\/nuevos-vientos-retiro-almeida-cede-quejas-vecinos-hosteleros-reducir-cierres-erraticos_1_13196237.html\" data-mrf-recirculation=\"saber-mas-abajo\" data-dl-event=\"saber-mas-abajo\" rel=\"nofollow noopener\" target=\"_blank\"><\/p>\n<p class=\"know-more__title\">Nuevos vientos en el Retiro: Almeida cede a las quejas de vecinos y hosteleros para reducir unos cierres \u201cerr\u00e1ticos\u201d<\/p>\n<p>            <img decoding=\"async\" class=\"lazy\" loading=\"lazy\" data-src=\"https:\/\/static.eldiario.es\/clip\/a6faa005-4153-4a5f-a38e-036f05bc7db8_16-9-aspect-ratio_default_0.jpg\" src=\"data:image\/svg+xml,%3Csvg xmlns=\" http:=\"\" viewbox=\"0 0 880 495\" alt=\"Nuevos vientos en el Retiro: Almeida cede a las quejas de vecinos y hosteleros para reducir unos cierres &quot;err\u00e1ticos&quot;\"\/><\/p>\n<p>                        <\/a><\/p>\n<p class=\"article-text\">\n        El paseo de M\u00e9xico recuper\u00f3 con la restauraci\u00f3n de hace cinco a\u00f1os el modelo de papeleras original del a\u00f1o 1911, adem\u00e1s de las especies que ten\u00eda hace un siglo, con la plantaci\u00f3n de 48 nuevos chopos rodeados de setos.\n    <\/p>\n<p class=\"article-text\">Recibe las noticias m\u00e1s importantes de Madrid con un bolet\u00edn escrito para ti, todos los viernes en tu correo. <a href=\"https:\/\/www.eldiario.es\/madrid\/somos\/boletin\/\" rel=\"nofollow noopener\" target=\"_blank\">Ap\u00fantate aqu\u00ed<\/a> y rec\u00edbelas junto a los mejores planes para el fin de semana. Tambi\u00e9n puedes seguirnos desde tu red social preferida, en <a href=\"https:\/\/www.facebook.com\/diariosomosmadrid\/\" target=\"_blank\" rel=\"nofollow noopener\">Facebook<\/a>, <a href=\"https:\/\/bsky.app\/profile\/somosmadrid.bsky.social\" target=\"_blank\" rel=\"nofollow noopener\">Bluesky<\/a> o <a href=\"https:\/\/www.instagram.com\/somos.madrid\/\" target=\"_blank\" rel=\"nofollow noopener\">Instagram<\/a><\/p>\n<p>                                    <script async src=\"\/\/www.instagram.com\/embed.js\"><\/script><\/p>\n","protected":false},"excerpt":{"rendered":"El Ayuntamiento de Madrid acaba de replantar todos los jardines centrales del paseo de M\u00e9xico, la v\u00eda de&hellip;\n","protected":false},"author":2,"featured_media":579448,"comment_status":"","ping_status":"","sticky":false,"template":"","format":"standard","meta":{"footnotes":""},"categories":[5],"tags":[988,25497,1250,17,18,1838,5810,8045,25,24,1998,13,14,11,33757,19,20,8505,205,9,10,15,16,12629,110488,1150,5775,23,12,21,22],"class_list":["post-579447","post","type-post","status-publish","format-standard","has-post-thumbnail","category-titulares","tag-anos","tag-arraigo","tag-ayuntamiento","tag-breaking-news","tag-breakingnews","tag-cambia","tag-cinco","tag-colores","tag-es","tag-espana","tag-falta","tag-featured-news","tag-featurednews","tag-headlines","tag-jardines","tag-latest-news","tag-latestnews","tag-les","tag-madrid","tag-news","tag-noticias","tag-noticias-destacadas","tag-noticiasdestacadas","tag-papa","tag-planto","tag-pone","tag-retiro","tag-spain","tag-titulares","tag-ultimas-noticias","tag-ultimasnoticias"],"share_on_mastodon":{"url":"https:\/\/pubeurope.com\/@es\/116665327682713943","error":""},"_links":{"self":[{"href":"https:\/\/www.europesays.com\/es\/wp-json\/wp\/v2\/posts\/579447","targetHints":{"allow":["GET"]}}],"collection":[{"href":"https:\/\/www.europesays.com\/es\/wp-json\/wp\/v2\/posts"}],"about":[{"href":"https:\/\/www.europesays.com\/es\/wp-json\/wp\/v2\/types\/post"}],"author":[{"embeddable":true,"href":"https:\/\/www.europesays.com\/es\/wp-json\/wp\/v2\/users\/2"}],"replies":[{"embeddable":true,"href":"https:\/\/www.europesays.com\/es\/wp-json\/wp\/v2\/comments?post=579447"}],"version-history":[{"count":0,"href":"https:\/\/www.europesays.com\/es\/wp-json\/wp\/v2\/posts\/579447\/revisions"}],"wp:featuredmedia":[{"embeddable":true,"href":"https:\/\/www.europesays.com\/es\/wp-json\/wp\/v2\/media\/579448"}],"wp:attachment":[{"href":"https:\/\/www.europesays.com\/es\/wp-json\/wp\/v2\/media?parent=579447"}],"wp:term":[{"taxonomy":"category","embeddable":true,"href":"https:\/\/www.europesays.com\/es\/wp-json\/wp\/v2\/categories?post=579447"},{"taxonomy":"post_tag","embeddable":true,"href":"https:\/\/www.europesays.com\/es\/wp-json\/wp\/v2\/tags?post=579447"}],"curies":[{"name":"wp","href":"https:\/\/api.w.org\/{rel}","templated":true}]}}