{"id":57969,"date":"2025-08-19T13:19:08","date_gmt":"2025-08-19T13:19:08","guid":{"rendered":"https:\/\/www.europesays.com\/es\/57969\/"},"modified":"2025-08-19T13:19:08","modified_gmt":"2025-08-19T13:19:08","slug":"atlas-cerebral-que-identifica-patrones-asociados-a-trastornos-mentales","status":"publish","type":"post","link":"https:\/\/www.europesays.com\/es\/57969\/","title":{"rendered":"Atlas cerebral que identifica patrones asociados a trastornos mentales"},"content":{"rendered":"<p>La investigaci\u00f3n, publicada en la revista <a href=\"https:\/\/www.biologicalpsychiatryjournal.com\/article\/S0006-3223(24)01729-3\/fulltext\" target=\"_blank\" rel=\"noreferrer noopener nofollow\">Biological Psychiatry<\/a>, ofrece un atlas cerebral que constituye una herramienta novedosa para comprender mejor las bases neuroanat\u00f3micas de estas enfermedades y avanzar hacia un diagn\u00f3stico y tratamiento m\u00e1s eficaces para las personas afectadas.<\/p>\n<p>Hasta ahora, la mayor\u00eda de los estudios que analizaban las diferencias en la sustancia gris entre pacientes con trastornos mentales e individuos sanos sol\u00edan verse distorsionados por la presencia de m\u00faltiples diagn\u00f3sticos de forma simult\u00e1nea. Este fen\u00f3meno, conocido como comorbilidad, es muy frecuente: se estima que la mitad de quienes presentan un problema de salud mental cumplen tambi\u00e9n los criterios para al menos otro trastorno.<\/p>\n<p>Para superar esta limitaci\u00f3n, el equipo investigador desarroll\u00f3 una t\u00e9cnica de meta-an\u00e1lisis tridimensional de im\u00e1genes cerebrales que considera de manera conjunta los distintos diagn\u00f3sticos concurrentes. El an\u00e1lisis, que integr\u00f3 los resultados de 433 publicaciones, incluy\u00f3 informaci\u00f3n de casi 20.000 pacientes y m\u00e1s de 16.000 controles sanos. Se estudiaron trastornos como la anorexia nerviosa, la esquizofrenia, la ansiedad, el <a href=\"https:\/\/www.saludadiario.es\/pacientes\/trastorno-bipolar-mas-vulnerabilidad-al-estres-por-el-coronavirus\/\" target=\"_blank\" rel=\"noreferrer noopener nofollow\">trastorno bipolar<\/a>, la depresi\u00f3n mayor, el trastorno obsesivo-compulsivo, el estr\u00e9s postraum\u00e1tico, el trastorno por d\u00e9ficit de atenci\u00f3n e hiperactividad (TDAH), el autismo y el trastorno l\u00edmite de la personalidad.<\/p>\n<p>Un atlas cerebral que abre la puerta a abordajes m\u00e1s personalizados<\/p>\n<p>\u201cCon este nuevo enfoque, hemos podido detectar patrones m\u00e1s concretos y diferenciados para cada trastorno, algo que no era posible con los m\u00e9todos tradicionales\u201d, explica<strong> Joaquim Radu\u00e0<\/strong>, <a href=\"https:\/\/www.clinicbarcelona.org\/idibaps\/areas-y-programas\/neurociencias-clinicas-y-experimentales\/imagen-de-los-trastornos-relacionados-con-el-estado-de-animo-y-la-ansiedad-imard\" target=\"_blank\" rel=\"noreferrer noopener nofollow\">jefe de grupo del IDIBAPS<\/a>, catedr\u00e1tico de Neurociencia de la UB, miembro de CIBERSAM y l\u00edder del proyecto. \u201cEsto confirma la utilidad de nuestro m\u00e9todo para entender mejor los correlatos cerebrales de estas condiciones\u201d, a\u00f1ade.<\/p>\n<p>Este atlas cerebral constituye el primer mapa a gran escala de las alteraciones espec\u00edficas y transdiagn\u00f3sticas de la sustancia gris vinculadas a los trastornos psiqui\u00e1tricos.<\/p>\n<p>El estudio ha contado con la colaboraci\u00f3n de m\u00e1s de 40 especialistas de centros de investigaci\u00f3n y hospitales de referencia de Europa, Am\u00e9rica del Norte y Asia, entre ellos el King\u2019s College London, el Karolinska Institutet, la University of California y la Beijing Normal University.<\/p>\n<p>\u201cContar con este atlas puede facilitar el dise\u00f1o de herramientas diagn\u00f3sticas m\u00e1s precisas y abre la puerta a un futuro con intervenciones personalizadas y dirigidas a regiones cerebrales espec\u00edficas\u201d, afirma <strong>Lydia Fortea<\/strong>, investigadora del IDIBAPS y primera autora del trabajo.<\/p>\n<p><strong>Fuente: <\/strong><a href=\"https:\/\/www.clinicbarcelona.org\/idibaps\" target=\"_blank\" rel=\"noreferrer noopener nofollow\">Cl\u00ednic-IDIBAPS<\/a><\/p>\n","protected":false},"excerpt":{"rendered":"La investigaci\u00f3n, publicada en la revista Biological Psychiatry, ofrece un atlas cerebral que constituye una herramienta novedosa para&hellip;\n","protected":false},"author":2,"featured_media":57970,"comment_status":"","ping_status":"","sticky":false,"template":"","format":"standard","meta":{"footnotes":""},"categories":[92],"tags":[2670,25,24,165,24638,5697,166,4474,23],"class_list":{"0":"post-57969","1":"post","2":"type-post","3":"status-publish","4":"format-standard","5":"has-post-thumbnail","7":"category-salud","8":"tag-cerebro","9":"tag-es","10":"tag-espana","11":"tag-health","12":"tag-idibaps","13":"tag-psiquiatria","14":"tag-salud","15":"tag-salud-mental","16":"tag-spain"},"share_on_mastodon":{"url":"","error":""},"_links":{"self":[{"href":"https:\/\/www.europesays.com\/es\/wp-json\/wp\/v2\/posts\/57969","targetHints":{"allow":["GET"]}}],"collection":[{"href":"https:\/\/www.europesays.com\/es\/wp-json\/wp\/v2\/posts"}],"about":[{"href":"https:\/\/www.europesays.com\/es\/wp-json\/wp\/v2\/types\/post"}],"author":[{"embeddable":true,"href":"https:\/\/www.europesays.com\/es\/wp-json\/wp\/v2\/users\/2"}],"replies":[{"embeddable":true,"href":"https:\/\/www.europesays.com\/es\/wp-json\/wp\/v2\/comments?post=57969"}],"version-history":[{"count":0,"href":"https:\/\/www.europesays.com\/es\/wp-json\/wp\/v2\/posts\/57969\/revisions"}],"wp:featuredmedia":[{"embeddable":true,"href":"https:\/\/www.europesays.com\/es\/wp-json\/wp\/v2\/media\/57970"}],"wp:attachment":[{"href":"https:\/\/www.europesays.com\/es\/wp-json\/wp\/v2\/media?parent=57969"}],"wp:term":[{"taxonomy":"category","embeddable":true,"href":"https:\/\/www.europesays.com\/es\/wp-json\/wp\/v2\/categories?post=57969"},{"taxonomy":"post_tag","embeddable":true,"href":"https:\/\/www.europesays.com\/es\/wp-json\/wp\/v2\/tags?post=57969"}],"curies":[{"name":"wp","href":"https:\/\/api.w.org\/{rel}","templated":true}]}}