{"id":579918,"date":"2026-05-31T02:50:19","date_gmt":"2026-05-31T02:50:19","guid":{"rendered":"https:\/\/www.europesays.com\/es\/579918\/"},"modified":"2026-05-31T02:50:19","modified_gmt":"2026-05-31T02:50:19","slug":"oficial-brasil-anuncia-los-dorsales-para-el-mundial-y-neymar-jr-aplica-una-cura-de-humildad-a-vinicius-jr","status":"publish","type":"post","link":"https:\/\/www.europesays.com\/es\/579918\/","title":{"rendered":"Oficial: Brasil anuncia los dorsales para el Mundial y Neymar Jr. aplica una cura de humildad a Vin\u00edcius Jr."},"content":{"rendered":"<p class=\"ft-text\"><strong>Se termin\u00f3 el debate, las elucubraciones y las especulaciones.<\/strong> Un d\u00eda antes de jugar el primer amistoso de preparaci\u00f3n mundialista, la Confedera\u00e7\u00e3o Brasileira de Futebol (CBF) anunci\u00f3, en un v\u00eddeo que hace referencia a la cultura popular y al f\u00fatbol de calle, la numeraci\u00f3n para los encuentros preparatorios y para la Copa del Mundo.<\/p>\n<p class=\"ft-text\"><strong>Toda la atenci\u00f3n estaba en qui\u00e9n llevar\u00eda el &#8217;10&#8217;, el dorsal m\u00e1s m\u00edtico que nunca hubo, gracias a Pel\u00e9,<\/strong> y que, en la Sele\u00e7\u00e3o, a\u00fan tiene m\u00e1s relevancia. Quien se ha salido con la suya, como no pod\u00eda ser de otra manera, es Neymar Jr., aunque acabe teniendo un papel residual en el torneo norteamericano.<\/p>\n<p class=\"ft-text\"><strong>La fuerza de Ney es tal que es el \u00fanico futbolista que lleva un dorsal del 1 al 11 que no ser\u00e1 titular en el Mundial. <\/strong>A sus 34 a\u00f1os, disputar\u00e1 su cuarta participaci\u00f3n en una Copa del Mundo y, en todas ellas, llev\u00f3 el &#8217;10&#8217;.<\/p>\n<p class=\"ft-text\"><strong>El ahora jugador del Santos est\u00e1 en el ojo del hurac\u00e1n<\/strong> <a class=\"ft-link ft-link--decoration\" href=\"https:\/\/www.sport.es\/es\/noticias\/mundial-futbol\/lio-mundial-neymar-jr-santos-130773317\" rel=\"nofollow noopener\" target=\"_blank\">tras haber escondido, en connivencia con el Santos, la gravedad de su lesi\u00f3n, que es una rotura muscular de grado 2 en uno de los gemelos<\/a>. Este s\u00e1bado, Carlo Ancelotti termin\u00f3 de cuajo con todo el runr\u00fan y asegur\u00f3 que no va a desconvocar al crack.<\/p>\n<p>Derrota para Vin\u00edcius Jr. y su ego<\/p>\n<p class=\"ft-text\"><strong>Quien sale se\u00f1alado por la guerra del &#8217;10&#8217; es Vin\u00edcius Jr., que se las promet\u00eda muy felices y se hab\u00eda adue\u00f1ado del dorsal en la recta final de la preparaci\u00f3n para el Mundial. <\/strong><\/p>\n<p class=\"ft-text\"><strong>Neymar puso las cosas en su sitio<\/strong> escenificando cu\u00e1l es la jerarqu\u00eda existente, por mucho que est\u00e9 a a\u00f1os luz de su mejor versi\u00f3n.<strong> El extremo del Real Madrid se tendr\u00e1 que conformar con el &#8216;7&#8217;<\/strong>, que es el mismo dorsal que tiene en su club.<\/p>\n<p class=\"ft-text\"><strong>Raphinha, que era el tercero en discordia y que tambi\u00e9n optaba al mismo n\u00famero, lucir\u00e1 su &#8217;11&#8217;,<\/strong> que es el dorsal con el que se ha consagrado en el Bar\u00e7a como uno de los mejores delanteros del f\u00fatbol mundial.<\/p>\n<p class=\"ft-text\"><strong>El &#8216;9&#8217;, por su parte, es propiedad ahora de Matheus Cunha (Manchester United),<\/strong> que, con Ancelotti, tiene un lugar garantizado en el cuarteto ofensivo con el que arrancar\u00e1 la Copa del Mundo al lado de Vin\u00edcius Jr., Raphinha y Luiz Henrique. <\/p>\n<p class=\"ft-text\"><strong>Dependiendo de su rendimiento, su plaza puede estar en peligro y ocuparla el botafoguense Danilo Santos,<\/strong> un mediocentro transformado en un centrocampista total, que jug\u00f3 a un grand\u00edsimo nivel en la fecha FIFA de marzo y que, tras el Mundial, cambiar\u00e1 de aires.<a class=\"ft-link ft-link--decoration\" href=\"https:\/\/www.sport.es\/es\/noticias\/mundial-futbol\/convocado-ancelotti-apartado-equipo-24-130426496\" rel=\"nofollow noopener\" target=\"_blank\"> Lo quieren las dos superpotencias brasile\u00f1as, Flamengo y Palmeiras, adem\u00e1s del Manchester United, en Europa.<\/a><\/p>\n<p class=\"ft-text\"><strong>La CBF explic\u00f3 que ha sido Carlo Ancelotti y su cuerpo t\u00e9cnico quienes han definido la numeraci\u00f3n. <\/strong>El estreno tendr\u00e1 lugar este domingo en Maracan\u00e1, en el partido contra Panam\u00e1 (a las 23.30, hora peninsular espa\u00f1ola), que sirve como despedida de la Canarinha ante la &#8216;torcida&#8217; antes de emprender viaje hacia los Estados Unidos.<\/p>\n<p class=\"ft-text\"><strong>Este s\u00e1bado, el t\u00e9cnico italiano tambi\u00e9n confirm\u00f3 qui\u00e9n ser\u00e1 el capit\u00e1n de Brasil en el Mundial. El elegido es Marquinhos,<\/strong> que ya ejerce el mismo rol en el PSG y que, hoy mismo, en Budapest, fue el encargado de recoger la copa que acredita a su equipo, nuevamente, como campe\u00f3n de la Champions League.<\/p>\n<p>La numeraci\u00f3n de Brasil<\/p>\n<p class=\"ft-text\">1 &#8211; Alisson<\/p>\n<p class=\"ft-text\">2 &#8211; Wesley<\/p>\n<p class=\"ft-text\">3 &#8211; Gabriel Magalh\u00e3es<\/p>\n<p class=\"ft-text\">4 &#8211; Marquinhos<\/p>\n<p class=\"ft-text\">5 &#8211; Casemiro<\/p>\n<p class=\"ft-text\">6 &#8211; Alex Sandro<\/p>\n<p class=\"ft-text\">7 &#8211; Vinicius Jr.<\/p>\n<p class=\"ft-text\">8 &#8211; Bruno Guimar\u00e3es<\/p>\n<p class=\"ft-text\">9 &#8211; Matheus Cunha<\/p>\n<p class=\"ft-text\">10 &#8211; Neymar Jr.<\/p>\n<p class=\"ft-text\"><strong>11 &#8211; Raphinha<\/strong><\/p>\n<p class=\"ft-text\">12 &#8211; Weverton<\/p>\n<p class=\"ft-text\">13 &#8211; Danilo<\/p>\n<p class=\"ft-text\">14 &#8211; Bremer<\/p>\n<p class=\"ft-text\">15 &#8211; L\u00e9o Pereira<\/p>\n<p class=\"ft-text\">16 &#8211; Douglas Santos<\/p>\n<p class=\"ft-text\">17 &#8211; Fabinho<\/p>\n<p class=\"ft-text\">18 &#8211; Danilo Santos<\/p>\n<p class=\"ft-text\">19 &#8211; Endrick<\/p>\n<p class=\"ft-text\">20 &#8211; Lucas Paquet\u00e1<\/p>\n<p class=\"ft-text\">21 &#8211; Luiz Henrique<\/p>\n<p class=\"ft-text\">22 &#8211; Gabriel Martinelli<\/p>\n<p class=\"ft-text\">23 &#8211; Ederson<\/p>\n<p class=\"ft-text\">24 &#8211; Iba\u00f1ez<\/p>\n<p class=\"ft-text\">25 &#8211; Igor Thiago<\/p>\n<p class=\"ft-text\">26 &#8211; Rayan<\/p>\n","protected":false},"excerpt":{"rendered":"Se termin\u00f3 el debate, las elucubraciones y las especulaciones. Un d\u00eda antes de jugar el primer amistoso de&hellip;\n","protected":false},"author":2,"featured_media":579919,"comment_status":"","ping_status":"","sticky":false,"template":"","format":"standard","meta":{"footnotes":""},"categories":[268],"tags":[3216,168,110561,25,24,280,282,1070,24351,11679,281,23,167,13334],"class_list":["post-579918","post","type-post","status-publish","format-standard","has-post-thumbnail","category-futbol","tag-brasil","tag-deportes","tag-dorsal-10","tag-es","tag-espana","tag-football","tag-futbol","tag-mundial","tag-neymar","tag-raphinha","tag-soccer","tag-spain","tag-sports","tag-vinicius"],"share_on_mastodon":{"url":"https:\/\/pubeurope.com\/@es\/116666920206267030","error":""},"_links":{"self":[{"href":"https:\/\/www.europesays.com\/es\/wp-json\/wp\/v2\/posts\/579918","targetHints":{"allow":["GET"]}}],"collection":[{"href":"https:\/\/www.europesays.com\/es\/wp-json\/wp\/v2\/posts"}],"about":[{"href":"https:\/\/www.europesays.com\/es\/wp-json\/wp\/v2\/types\/post"}],"author":[{"embeddable":true,"href":"https:\/\/www.europesays.com\/es\/wp-json\/wp\/v2\/users\/2"}],"replies":[{"embeddable":true,"href":"https:\/\/www.europesays.com\/es\/wp-json\/wp\/v2\/comments?post=579918"}],"version-history":[{"count":0,"href":"https:\/\/www.europesays.com\/es\/wp-json\/wp\/v2\/posts\/579918\/revisions"}],"wp:featuredmedia":[{"embeddable":true,"href":"https:\/\/www.europesays.com\/es\/wp-json\/wp\/v2\/media\/579919"}],"wp:attachment":[{"href":"https:\/\/www.europesays.com\/es\/wp-json\/wp\/v2\/media?parent=579918"}],"wp:term":[{"taxonomy":"category","embeddable":true,"href":"https:\/\/www.europesays.com\/es\/wp-json\/wp\/v2\/categories?post=579918"},{"taxonomy":"post_tag","embeddable":true,"href":"https:\/\/www.europesays.com\/es\/wp-json\/wp\/v2\/tags?post=579918"}],"curies":[{"name":"wp","href":"https:\/\/api.w.org\/{rel}","templated":true}]}}