{"id":580334,"date":"2026-05-31T09:32:18","date_gmt":"2026-05-31T09:32:18","guid":{"rendered":"https:\/\/www.europesays.com\/es\/580334\/"},"modified":"2026-05-31T09:32:18","modified_gmt":"2026-05-31T09:32:18","slug":"marquez-la-moto-tiene-potencial-para-luchar-por-el-mundial-soy-yo-quien-no-se-lo-saco","status":"publish","type":"post","link":"https:\/\/www.europesays.com\/es\/580334\/","title":{"rendered":"M\u00e1rquez: \u00abLa moto tiene potencial para luchar por el Mundial; soy yo quien no se lo saco\u00bb"},"content":{"rendered":"<p>El campe\u00f3n espa\u00f1ol ya aviso en la previa, cuando se present\u00f3 en Mugello tras perderse las \u00faltimas carreras por una operaci\u00f3n, en el pie y en el hombro derechos, hace menos de tres semanas. Pese a que sab\u00eda que iba a costar, el de <a href=\"https:\/\/es.motorsport.com\/team\/ducati-team\/543\/\" target=\"_blank\" rel=\"noopener nofollow\">Ducati<\/a> fren\u00f3 m\u00e1s tarde que nadie en la primera curva tras la salida y durante unos metros lider\u00f3 la carrera, hasta que \u00abme pasaron por todos lados\u00bb, explic\u00f3 al final del d\u00eda <a href=\"https:\/\/es.motorsport.com\/driver\/marc-marquez\/38307\/\" target=\"_blank\" rel=\"noopener nofollow\">Marc M\u00e1rquez<\/a>.<\/p>\n<p>\u00abMuy buen sabor de boca poder reaparecer tras la operaci\u00f3n en el hombro y la sensaci\u00f3n, d\u00eda a d\u00eda que me ha dejado. Hoy estaba m\u00e1s cansado, l\u00f3gicamente, pero la posici\u00f3n en la moto era mejor y me sent\u00eda m\u00e1s c\u00f3modo y por la ma\u00f1ana pude hacer una buena vuelta y clasificar cuarto en parrilla. En la carrera, he salido con calma\u2026\u00bb, dijo antes que le cortaran, ya que el catal\u00e1n sali\u00f3 como un potro desbocado llegando delante a la primera curva.<\/p>\n<p>\u00abLa salida ha sido con ganas, pero luego en la primera vuelta me han dado por todos lados, as\u00ed que\u2026 a partir de ah\u00ed me he colocado en la posici\u00f3n donde deb\u00edamos estar, seg\u00fan los ritmos \u00e9ramos octavos, m\u00e1s o menos, y he adoptado el ritmo que sent\u00eda en cada momento y acabar la sprint, que nos ha regalado un quinto puesto. Lejos de los primeros, sobre todo los dos de delante que han volado, pero bien, contento\u00bb.<\/p>\n<p>\u00a0<\/p>\n<p>Una vez superada la dif\u00edcil prueba del s\u00e1bado, para Marc llega la a\u00fan m\u00e1s exigente del domingo, con la carrera al doble de vueltas.<\/p>\n<p>\u00abSe sufrir\u00e1, se notar\u00e1 el desgaste, pero voy a intentar estar encima de la moto y dar m\u00e1s vueltas para ir recuperando el ritmo. El objetivo es pasar el d\u00eda de ma\u00f1ana, volver a casa, refrescarnos y luego ir a Balaton. No me gusta ser conservador, no lo he sido nunca, pero ahora toca serlo, me lo tengo que meter en la cabeza y aunque cuando bajo la visera tengo ganas de m\u00e1s, ahora no toca\u00bb.<\/p>\n<p>   <img decoding=\"async\" draggable=\"false\" src=\"https:\/\/www.europesays.com\/es\/wp-content\/uploads\/2026\/05\/1780219937_985_marc-marquez-ducati-team.jpg\" alt=\"Marc M\u00e1rquez, Ducati Team\" width=\"1200\" height=\"800\" loading=\"lazy\"\/> <\/p>\n<p class=\"title\">Marc M\u00e1rquez, Ducati Team<\/p>\n<p class=\"photographer\">Foto de: Andreas Solaro \/ AFP via Getty Images<\/p>\n<p>La salida de M\u00e1rquez record\u00f3 un poco a los tiempos de &#8216;puerta grande o enfermer\u00eda&#8217;, que nada tienen que ver con el discurso conservador que comunica M\u00e1rquez.<\/p>\n<p>\u00abHe salido bien, me he posicionado por dentro y he visto que las <a href=\"https:\/\/es.motorsport.com\/team\/aprilia-racing-team-gresini\/205\/\" target=\"_blank\" rel=\"noopener nofollow\">Aprilia<\/a> iban por el exterior y he pensado: &#8216;donde frenen ellos, freno yo un poco m\u00e1s tarde a ver si la paro&#8217;. Y la he parado. Pero luego en la curva 3 no he querido atacar a Mart\u00edn, luego he estado con Moreira, que est\u00e1 pilotando muy bien. Ayer ya me avis\u00f3, somos muy amigos. Le dije que hoy \u00edbamos a estar juntos y me dijo: &#8216;sabes que te tengo que adelantar al menos una vez antes de que te retires, as\u00ed tengo la foto&#8217;, y ya la tiene (risas). La verdad es que est\u00e1 pilotando la <a href=\"https:\/\/es.motorsport.com\/team\/repsol-honda-team\/541\/\" target=\"_blank\" rel=\"noopener nofollow\">Honda<\/a> que da gusto verle\u00bb, regal\u00f3 Marc.<\/p>\n<p>\u00a0<\/p>\n<p>Volviendo de una lesi\u00f3n y doble operaci\u00f3n, M\u00e1rquez fue la primera Ducati en la clasificaci\u00f3n del GP de Italia.<\/p>\n<p>\u00abPara mi no es significativo ser la primera o la segunda Ducati, en la clasificaci\u00f3n la vuelta ha sido buena, pero me he buscado la vida como hacia cinco a\u00f1os, el rebufo era perfecto\u2026 la moto tiene potencial, yo no le estoy pudiendo sacar todo el potencial de la moto, pero la moto tiene potencia para luchar por el Mundial\u00bb.<\/p>\n<p>Cuando le preguntaron a Marc si hab\u00eda terminado contento con las sensaciones del hombro, explic\u00f3 una an\u00e9cdota muy curiosa. \u00abHoy cuando he terminado la sprint he podido escribir las notas en el cuaderno, en las anteriores no le escrib\u00eda nada porque me temblaba el pulso, no era capaz de escribir de coordinar, y brome\u00e1bamos con mi t\u00e9cnico, porque realmente he podido volver a escribirlas tras la carrera, y eso es un gran paso\u00bb.<\/p>\n<p>   <img decoding=\"async\" draggable=\"false\" src=\"https:\/\/www.europesays.com\/es\/wp-content\/uploads\/2026\/05\/fermin-aldeguer-gresini-racing.jpg\" alt=\"Ferm\u00edn Aldeguer, Gresini Racing, Marc M\u00e1rquez, Ducati Team\" width=\"1200\" height=\"800\" loading=\"lazy\"\/> <\/p>\n<p class=\"title\">Ferm\u00edn Aldeguer, Gresini Racing, Marc M\u00e1rquez, Ducati Team<\/p>\n<p class=\"photographer\">Foto de: Gold and Goose Photography \/ Getty Images<\/p>\n<p>Por \u00faltimo le preguntaron si ten\u00eda muy presente que caer estaba prohibido en estos momentos.<\/p>\n<p>\u00abEs algo que est\u00e1 muy presente fuera de la pista, pero cuando estas encima de la moto no puedes pensarlo porque subes un segundo el tiempo r\u00e1pidamente. Pero evidentemente es una de las cosas que m\u00e1s me repite Tardozzi, sabemos donde estamos y lo que menos necesito ahora mismo es una lesi\u00f3n, as\u00ed que no es el mejor circuito para exagerar\u00bb, zanj\u00f3 el de Ducati.<\/p>\n<p>Por si te lo perdiste:<\/p>\n<p>            Queremos tu opini\u00f3n<\/p>\n<p class=\"mt-auto\">\u00bfQu\u00e9 le gustar\u00eda ver en Motorsport.com?<\/p>\n<p>            <a href=\"#\" class=\"ms-link text-link font-bold\">Responda a nuestra encuesta de 5 minutos.<\/a><\/p>\n<p class=\"mt-1 text-body\">&#8211; El equipo de Motorsport.com<\/p>\n","protected":false},"excerpt":{"rendered":"El campe\u00f3n espa\u00f1ol ya aviso en la previa, cuando se present\u00f3 en Mugello tras perderse las \u00faltimas carreras&hellip;\n","protected":false},"author":2,"featured_media":580335,"comment_status":"","ping_status":"","sticky":false,"template":"","format":"standard","meta":{"footnotes":""},"categories":[93],"tags":[168,22274,25,24,33153,89367,12143,110612,43455,23,167],"class_list":["post-580334","post","type-post","status-publish","format-standard","has-post-thumbnail","category-deportes","tag-deportes","tag-ducati","tag-es","tag-espana","tag-gp-de-italia","tag-marc-mu00e1rquez","tag-motogp","tag-mu00e1rquez-la-moto-tiene-potencial-para-luchar-por-el-mundial-soy-yo-quien-no-se-lo-saco","tag-mugello","tag-spain","tag-sports"],"share_on_mastodon":{"url":"https:\/\/pubeurope.com\/@es\/116668501719663914","error":""},"_links":{"self":[{"href":"https:\/\/www.europesays.com\/es\/wp-json\/wp\/v2\/posts\/580334","targetHints":{"allow":["GET"]}}],"collection":[{"href":"https:\/\/www.europesays.com\/es\/wp-json\/wp\/v2\/posts"}],"about":[{"href":"https:\/\/www.europesays.com\/es\/wp-json\/wp\/v2\/types\/post"}],"author":[{"embeddable":true,"href":"https:\/\/www.europesays.com\/es\/wp-json\/wp\/v2\/users\/2"}],"replies":[{"embeddable":true,"href":"https:\/\/www.europesays.com\/es\/wp-json\/wp\/v2\/comments?post=580334"}],"version-history":[{"count":0,"href":"https:\/\/www.europesays.com\/es\/wp-json\/wp\/v2\/posts\/580334\/revisions"}],"wp:featuredmedia":[{"embeddable":true,"href":"https:\/\/www.europesays.com\/es\/wp-json\/wp\/v2\/media\/580335"}],"wp:attachment":[{"href":"https:\/\/www.europesays.com\/es\/wp-json\/wp\/v2\/media?parent=580334"}],"wp:term":[{"taxonomy":"category","embeddable":true,"href":"https:\/\/www.europesays.com\/es\/wp-json\/wp\/v2\/categories?post=580334"},{"taxonomy":"post_tag","embeddable":true,"href":"https:\/\/www.europesays.com\/es\/wp-json\/wp\/v2\/tags?post=580334"}],"curies":[{"name":"wp","href":"https:\/\/api.w.org\/{rel}","templated":true}]}}