{"id":580409,"date":"2026-05-31T10:34:15","date_gmt":"2026-05-31T10:34:15","guid":{"rendered":"https:\/\/www.europesays.com\/es\/580409\/"},"modified":"2026-05-31T10:34:15","modified_gmt":"2026-05-31T10:34:15","slug":"la-consagracion-de-galbiati-en-cinco-actos","status":"publish","type":"post","link":"https:\/\/www.europesays.com\/es\/580409\/","title":{"rendered":"La consagraci\u00f3n de Galbiati en cinco actos"},"content":{"rendered":"<p style=\"\">Paolo Galbiati se hizo fuerte en el banquillo del Baskonia gracias a los f\u00e9rreos v\u00ednculos que cre\u00f3 con los jugadores y la grada. Los primeros  &#8230; han desarrollado una confianza casi ciega en el t\u00e9cnico y su estilo vertiginoso, hasta el punto de sobreponerse a la ausencia de un p\u00edvot puro durante meses sin apenas bajar el rendimiento. Los segundos, conquistados con el t\u00edtulo copero de Valencia y el car\u00e1cter magn\u00e9tico e hipertenso que desprende el italiano, expresan de forma n\u00edtida su deseo de que contin\u00fae al frente del equipo con la cerrada ovaci\u00f3n que le dedican en cuanto salta a la pista del Buesa Arena, incrementada antes de que arrancara el \u00faltimo encuentro de la fase regular de la ACB ante el Unicaja. <\/p>\n<p class=\"v-d-p\" style=\"\">Sin embargo, hay tambi\u00e9n cinco momentos que han forjado el camino del estratega en su primera campa\u00f1a como azulgrana. En ellos ha visto de cerca el abismo, ha levantado a su tropa, la ha reactivado tras alcanzar la gloria, y la ha convencido de que a\u00fan tiene energ\u00eda para tratar de conquistar el primer doblete en 24 a\u00f1os.<\/p>\n<p class=\"v-d-p\" style=\"\">Galbiati, ratificado para la pr\u00f3xima temporada tal y como \u00e9l mismo anunci\u00f3 al final del encuentro ante Unicaja, mir\u00f3 a los ojos al fracaso durante las primeras semanas de competici\u00f3n. Solo encontr\u00f3 un oasis en los primeros diez partidos entre la Euroliga y la ACB. Fue ante el Real Madrid en la segunda jornada de la competici\u00f3n dom\u00e9stica, despu\u00e9s de cuatro tropiezos consecutivos. No puede decirse que aquella victoria ante los blancos, que despu\u00e9s se convertir\u00edan en la v\u00edctima predilecta de los azulgranas a lo largo de la campa\u00f1a, fuera un punto de inflexi\u00f3n, ya que le sigui\u00f3 otra traves\u00eda de inanici\u00f3n con la \u00fanica excepci\u00f3n del ajustado triunfo sobre el Covir\u00e1n Granada, claro candidato a perder la categor\u00eda. <\/p>\n<p><img decoding=\"async\" loading=\"lazy\" src=\"https:\/\/www.europesays.com\/es\/wp-content\/uploads\/2026\/05\/foto2.jpg\" class=\"v-a-img\" width=\"680\" height=\"478\" alt=\"Galbiati alza el trofeo de la Copa del Rey en Valencia.\" data-voc-vtm-id=\"in-text-traffic\"\/><\/p>\n<p>Galbiati alza el trofeo de la Copa del Rey en Valencia.<\/p>\n<p>(Efe)<\/p>\n<p class=\"v-d-p\" style=\"\">En sus diez primeros compromisos al frente del Kosner Baskonia, el de Vimercate solo obtuvo dos victorias y la sensaci\u00f3n de desplegar un baloncesto alocado y un tanto ca\u00f3tico que necesitaba rebasar la barrera de los cien puntos para ganar. Pero ese triunfo fue, sin duda, un respiro vital, ya que cuesta imaginar que el t\u00e9cnico hubiera logrado resistir con un balance de 1-9 y con el reducido cr\u00e9dito que otorga la etiqueta de reci\u00e9n llegado desde el desconocido Trento.<\/p>\n<p>\n\u00abSobrevivir al despido\u00bb\n<\/p>\n<p class=\"v-d-p\" style=\"\">\u00c9l mismo reconoci\u00f3 que hab\u00eda \u00absobrevivido al despido\u00bb un par de veces en el arranque de temporada. Lo hizo tras conquistar la s\u00e9ptima Copa del Rey del club azulgrana en el Roig Arena, precisamente ante el conjunto blanco, al que ha vencido en cuatro ocasiones en lo que va de campa\u00f1a, con una sola derrota. Pero si hay un duelo que cambi\u00f3 el rumbo del Baskonia antes de enfilar el torneo del KO, fue la ag\u00f3nica victoria ante el Unicaja en M\u00e1laga, con un triple de Howard sobre la bocina. Aquella acci\u00f3n levant\u00f3 a un equipo acababa de recibir un golpe devastador al caer por 134-124 en la Euroliga ante el Barcelona despu\u00e9s de tres pr\u00f3rrogas y al borde del agotamiento f\u00edsico y mental.<\/p>\n<p class=\"v-d-p\" style=\"\">La fase de despegue en la ACB parec\u00eda imparable hasta que el conjunto azulgrana alcanz\u00f3 la condici\u00f3n de cabeza de serie en la Copa, aunque nunca consigui\u00f3 desprenderse de la losa de ser una de las cenicientas de la Euroliga, sobre todo cuando actuaba a domicilio. La conquista copera forma ya parte de los highlights de la historia reciente azulgrana y encumbr\u00f3 a Galbiati como uno de los \u00eddolos de la afici\u00f3n azulgrana. No solo por dedicarle un estribillo, sino por verle hacer de maestro de ceremonias del recibimiento en el aeropuerto de Foronda.<\/p>\n<p><img decoding=\"async\" loading=\"lazy\" src=\"https:\/\/www.europesays.com\/es\/wp-content\/uploads\/2026\/05\/foto3-k3cH-U202594645763MGD-624x385@El Correo.jpg\" class=\"v-a-img\" width=\"680\" height=\"478\" alt=\"\" data-voc-vtm-id=\"in-text-traffic\"\/><\/p>\n<p class=\"v-d-p\" style=\"\">Pero aquella celebraci\u00f3n depar\u00f3 una enorme resaca que dur\u00f3 semanas. El Baskonia se qued\u00f3 perdido en la luna de Valencia durante m\u00e1s de dos semanas, en las que encaj\u00f3 cinco derrotas en seis encuentros. Los problemas f\u00edsicos por el esfuerzo se sucedieron y la tensi\u00f3n del grupo baj\u00f3 al subsuelo. Tampoco parec\u00eda descabellado pensar que muchos jugadores, incluso con cantos de sirena de clubes m\u00e1s poderosos, dieran la temporada por amortizada con un trofeo en las vitrinas y con el tren de la Euroliga ya perdido de manera definitiva.<\/p>\n<p class=\"v-d-p\" style=\"\">Todav\u00eda quedaba un resorte, que se activ\u00f3 con un contundente triunfo ante el Girona, el punto de partida de una escalada en la que los vitorianos estuvieron a punto de alcanzar la segunda plaza de la ACB. A falta de conocer su puesto definitivo con el duelo de esta tarde entre el Bar\u00e7a y el Valencia, los azulgranas se aseguraron el factor cancha al menos en la primera eliminatoria, que les enfrentar\u00e1 a los de Pedro Mart\u00ednez o al Joventut.<\/p>\n<p>\n\u00abCancelar el ruido\u00bb\n<\/p>\n<p class=\"v-d-p\" style=\"\">Aquella remontada clasificatoria fue la \u00faltima prueba de que el equipo vitoriano, m\u00e1s all\u00e1 de las virtudes que despliega en la pista, es tan capaz de recomponerse como de abstraerse. O, como se refiri\u00f3 el propio Galbiati en sala de prensa tras vencer al Unicaja en la \u00faltima jornada, de \u00abcancelar el ruido\u00bb. Lo hizo el t\u00e9cnico a pesar de la incertidumbre que rodea su futuro, tras desvelar una conversaci\u00f3n con Josean Querejeta en la que le confirmaba que seguir\u00eda al frente del conjunto azulgrana la pr\u00f3xima temporada. Tambi\u00e9n lo ha demostrado la plantilla, enchufada y comprometida pese a que el futuro de muchos parece estar lejos del Buesa Arena. <\/p>\n<p class=\"v-d-p\" style=\"\">Es el caso de Cabarrot y Forrest, que finalizan contrato y son figuras codiciadas del baloncesto europeo, Matteo Spagnolo, tentado por la universidad de Nebraska, Diakite, a un paso del millonario proyecto del Dub\u00e1i&#8230; Se han esforzado por disipar cualquier duda sobre su implicaci\u00f3n en una recta final que la hinchada baskonista vuelve a mirar con ilusi\u00f3n. <\/p>\n","protected":false},"excerpt":{"rendered":"Paolo Galbiati se hizo fuerte en el banquillo del Baskonia gracias a los f\u00e9rreos v\u00ednculos que cre\u00f3 con&hellip;\n","protected":false},"author":2,"featured_media":580410,"comment_status":"","ping_status":"","sticky":false,"template":"","format":"standard","meta":{"footnotes":""},"categories":[269],"tags":[7309,299,298,5810,61514,168,25,24,17490,23,167],"class_list":["post-580409","post","type-post","status-publish","format-standard","has-post-thumbnail","category-baloncesto","tag-actos","tag-baloncesto","tag-basketball","tag-cinco","tag-consagracion","tag-deportes","tag-es","tag-espana","tag-galbiati","tag-spain","tag-sports"],"share_on_mastodon":{"url":"https:\/\/pubeurope.com\/@es\/116668745524932245","error":""},"_links":{"self":[{"href":"https:\/\/www.europesays.com\/es\/wp-json\/wp\/v2\/posts\/580409","targetHints":{"allow":["GET"]}}],"collection":[{"href":"https:\/\/www.europesays.com\/es\/wp-json\/wp\/v2\/posts"}],"about":[{"href":"https:\/\/www.europesays.com\/es\/wp-json\/wp\/v2\/types\/post"}],"author":[{"embeddable":true,"href":"https:\/\/www.europesays.com\/es\/wp-json\/wp\/v2\/users\/2"}],"replies":[{"embeddable":true,"href":"https:\/\/www.europesays.com\/es\/wp-json\/wp\/v2\/comments?post=580409"}],"version-history":[{"count":0,"href":"https:\/\/www.europesays.com\/es\/wp-json\/wp\/v2\/posts\/580409\/revisions"}],"wp:featuredmedia":[{"embeddable":true,"href":"https:\/\/www.europesays.com\/es\/wp-json\/wp\/v2\/media\/580410"}],"wp:attachment":[{"href":"https:\/\/www.europesays.com\/es\/wp-json\/wp\/v2\/media?parent=580409"}],"wp:term":[{"taxonomy":"category","embeddable":true,"href":"https:\/\/www.europesays.com\/es\/wp-json\/wp\/v2\/categories?post=580409"},{"taxonomy":"post_tag","embeddable":true,"href":"https:\/\/www.europesays.com\/es\/wp-json\/wp\/v2\/tags?post=580409"}],"curies":[{"name":"wp","href":"https:\/\/api.w.org\/{rel}","templated":true}]}}