{"id":58043,"date":"2025-08-19T14:06:13","date_gmt":"2025-08-19T14:06:13","guid":{"rendered":"https:\/\/www.europesays.com\/es\/58043\/"},"modified":"2025-08-19T14:06:13","modified_gmt":"2025-08-19T14:06:13","slug":"shakira-y-su-ex-antonio-de-la-rua-vuelven-a-ser-pillados-juntos-y-todos-se-hacen-la-misma-pregunta","status":"publish","type":"post","link":"https:\/\/www.europesays.com\/es\/58043\/","title":{"rendered":"Shakira y su ex, Antonio de la R\u00faa, vuelven a ser pillados juntos y todos se hacen la misma pregunta"},"content":{"rendered":"<p id=\"eRLJZoiqLEV\" data-wc=\"100\">Se suele decir que &#8216;donde hubo fuego, cenizas quedan&#8217;, un refr\u00e1n que muchos aplican en los \u00faltimos meses a <strong>Shakira (48 a\u00f1os) y Antonio de la R\u00faa (51)<\/strong>. Les han vuelto a pillar juntos, esta vez durante una cita que tuvo lugar en un exclusivo restaurante de San Diego (California), mientras la artista prosigue con su exitoso tour Las mujeres ya no lloran por todo el continente americano. A partir de aqu\u00ed, tras la difusi\u00f3n de estas im\u00e1genes de ambos que ha corrido como la p\u00f3lvora en redes sociales, todos se hacen la misma pregunta: <strong>\u00bfQu\u00e9 hay realmente entre ellos?<\/strong><\/p>\n<p> <img src=\"https:\/\/www.europesays.com\/es\/wp-content\/uploads\/2025\/08\/f7030eec5d77-gettyimages-2254058.jpg\"   width=\"1024\" height=\"682\" loading=\"lazy\" decoding=\"async\" alt=\"Shakira y Antonio de la R\u00faa, en una imagen de archivo\" fetchpriority=\"auto\" class=\"image ho-image\"\/>\u00a9 Getty ImagesShakira y Antonio de la R\u00faa, en una imagen de archivo<\/p>\n<p id=\"eFzvN_hyK6\" data-wc=\"103\">M\u00e1s all\u00e1 de los rumores de todo tipo que se han desatado, lo que es seguro al cien por cien es que son dos ex muy bien avenidos. <strong>Fueron pareja durante m\u00e1s de una d\u00e9cada (1999-2010)<\/strong>, pero su v\u00ednculo no era solo sentimental sino que se extend\u00eda al \u00e1mbito profesional (de hecho, se dice que \u00e9l fue una figura clave en la sombra para el mete\u00f3rico ascenso de ella). Precisamente, es este un dato fundamental para entender el motivo por el cual se ven con frecuencia, as\u00ed que no debe resultar tan extra\u00f1o que compartan una cena \u00edntima como ha sido el caso.<\/p>\n<p> <img src=\"https:\/\/www.europesays.com\/es\/wp-content\/uploads\/2025\/08\/28a814a91262-gettyimages-105012860.jpg\"   width=\"1024\" height=\"772\" loading=\"lazy\" decoding=\"async\" alt=\"Media Image\" fetchpriority=\"auto\" class=\"image ho-image\"\/>\u00a9 Getty Images<\/p>\n<p id=\"eAAU1AVPfG5\" data-wc=\"85\">En el v\u00eddeo que est\u00e1 circulando, se les ve tranquilos y relajados mientras est\u00e1n sentados en una de las mesas del establecimiento, <strong>acompa\u00f1ados por los hijos de la estrella de la m\u00fasica latina: Milan (12) y Sasha (10)<\/strong>. Aunque a buena parte de los fans les gustar\u00eda que Shakira y Antonio de la R\u00faa llegaran a reconciliarse y retomaran aquella historia de amor que vivieron, lo cierto es que en este encuentro de los dos el ambiente que se respiraba era m\u00e1s amistoso que rom\u00e1ntico.<\/p>\n<p> <img src=\"https:\/\/www.europesays.com\/es\/wp-content\/uploads\/2025\/08\/c0e3af9e1335-dlu540517079.jpg\"   width=\"905\" height=\"1024\" loading=\"lazy\" decoding=\"async\" alt=\"Shakira con sus hijos Milan y Sasha\" fetchpriority=\"auto\" class=\"image ho-image\"\/>\u00a9 GTRES<\/p>\n<p id=\"e9KwMD0IJF\" data-wc=\"103\">Tal y como les <a class=\"hm-link\" href=\"https:\/\/www.hola.com\/actualidad\/20250313819813\/shakira-antonio-de-la-rua-verdadera-relacion-tras-15-anyos-separados\/\" data-mrf-recirculation=\"article-body-link\" rel=\"nofollow noopener\" target=\"_blank\">aclar\u00f3 \u00a1HOLA!<\/a> hace unos meses, el abogado ha vuelto a trabajar para la int\u00e9rprete del Waka Waka\u00a0en las mismas labores que hac\u00eda antes. Es decir, <strong>forma parte de su equipo de &#8216;business management&#8217;,<\/strong> el que se encarga de gestionar sus campa\u00f1as de publicidad o giras. El reencuentro de la cantante y el hijo del expresidente Fernando de la R\u00faa para colaborar juntos de nuevo fue hace ya dos a\u00f1os, despu\u00e9s de que Jaime Lavine dejara de ser el m\u00e1nager de ella para empezar a llevar la carrera de Rosal\u00eda, con la que ya no sigue hoy en d\u00eda.<\/p>\n<p> <img src=\"https:\/\/www.europesays.com\/es\/wp-content\/uploads\/2025\/08\/c1d9be976968-gettyimages-107977286.jpg\"   width=\"1024\" height=\"747\" loading=\"lazy\" decoding=\"async\" alt=\"Media Image\" fetchpriority=\"auto\" class=\"image ho-image\"\/>\u00a9 Getty Images<\/p>\n<p id=\"esiMUIP8Dy\" data-wc=\"111\">Fue el pasado marzo cuando, tras el concierto que dio &#8216;Shak&#8217; en Buenos Aires (Argentina), se puso sobre la mesa este evidente acercamiento entre la expareja. Ocurri\u00f3 despu\u00e9s de que Zul\u00fa, hija que el empresario tuvo de su relaci\u00f3n -finalizada en 2018- con la modelo Daniela Ramos, <a class=\"hm-link\" href=\"https:\/\/www.hola.com\/actualidad\/20250309818952\/shakira-antonio-de-la-rua-acercamiento-hija-concierto-buenos-aires-argentina\/\" data-mrf-recirculation=\"article-body-link\" rel=\"nofollow noopener\" target=\"_blank\">estuviera presente en el show<\/a> que dio la artista. Adem\u00e1s, durante aquellos d\u00edas, la cantante y su ex tambi\u00e9n compartieron mesa y mantel en otro restaurante, al igual que en el oto\u00f1o de 2024 cuando los vieron juntos en Miami. Es ah\u00ed donde reside ella con sus ni\u00f1os, mientras que \u00e9l lo hace en Alemania con los suyos desde hace m\u00e1s de un lustro.<\/p>\n<p> <img src=\"https:\/\/www.europesays.com\/es\/wp-content\/uploads\/2025\/08\/0d90570d3cd4-gettyimages-92954348.jpg\"   width=\"682\" height=\"1024\" loading=\"lazy\" decoding=\"async\" alt=\"Media Image\" fetchpriority=\"auto\" class=\"image ho-image\"\/>\u00a9 Getty Images<\/p>\n","protected":false},"excerpt":{"rendered":"Se suele decir que &#8216;donde hubo fuego, cenizas quedan&#8217;, un refr\u00e1n que muchos aplican en los \u00faltimos meses&hellip;\n","protected":false},"author":2,"featured_media":58044,"comment_status":"","ping_status":"","sticky":false,"template":"","format":"standard","meta":{"footnotes":""},"categories":[91],"tags":[517,24667,146,147,25,24,12504,23],"class_list":{"0":"post-58043","1":"post","2":"type-post","3":"status-publish","4":"format-standard","5":"has-post-thumbnail","7":"category-entretenimiento","8":"tag-actualidad","9":"tag-antonio-de-la-rua","10":"tag-entertainment","11":"tag-entretenimiento","12":"tag-es","13":"tag-espana","14":"tag-shakira","15":"tag-spain"},"share_on_mastodon":{"url":"","error":""},"_links":{"self":[{"href":"https:\/\/www.europesays.com\/es\/wp-json\/wp\/v2\/posts\/58043","targetHints":{"allow":["GET"]}}],"collection":[{"href":"https:\/\/www.europesays.com\/es\/wp-json\/wp\/v2\/posts"}],"about":[{"href":"https:\/\/www.europesays.com\/es\/wp-json\/wp\/v2\/types\/post"}],"author":[{"embeddable":true,"href":"https:\/\/www.europesays.com\/es\/wp-json\/wp\/v2\/users\/2"}],"replies":[{"embeddable":true,"href":"https:\/\/www.europesays.com\/es\/wp-json\/wp\/v2\/comments?post=58043"}],"version-history":[{"count":0,"href":"https:\/\/www.europesays.com\/es\/wp-json\/wp\/v2\/posts\/58043\/revisions"}],"wp:featuredmedia":[{"embeddable":true,"href":"https:\/\/www.europesays.com\/es\/wp-json\/wp\/v2\/media\/58044"}],"wp:attachment":[{"href":"https:\/\/www.europesays.com\/es\/wp-json\/wp\/v2\/media?parent=58043"}],"wp:term":[{"taxonomy":"category","embeddable":true,"href":"https:\/\/www.europesays.com\/es\/wp-json\/wp\/v2\/categories?post=58043"},{"taxonomy":"post_tag","embeddable":true,"href":"https:\/\/www.europesays.com\/es\/wp-json\/wp\/v2\/tags?post=58043"}],"curies":[{"name":"wp","href":"https:\/\/api.w.org\/{rel}","templated":true}]}}