{"id":580443,"date":"2026-05-31T11:02:13","date_gmt":"2026-05-31T11:02:13","guid":{"rendered":"https:\/\/www.europesays.com\/es\/580443\/"},"modified":"2026-05-31T11:02:13","modified_gmt":"2026-05-31T11:02:13","slug":"tierra-de-talento-el-coro-gospel-it-y-jose-de-la-vega-se-mantienen-en-el-programa-gracias-a-sus-interpretaciones-tras-la-repesca","status":"publish","type":"post","link":"https:\/\/www.europesays.com\/es\/580443\/","title":{"rendered":"Tierra de talento: El coro Gospel It y Jos\u00e9 de la Vega se mantienen en el programa gracias a sus interpretaciones tras la repesca"},"content":{"rendered":"<p class=\"paragraph-atom &#10;        A-500-300-700-N A-550-300-700-N--md  \">\n                    Este s\u00e1bado hemos vivido una nueva entrega de\u00a0\u00a0<a href=\"https:\/\/www.canalsur.es\/television\/tierra-de-talento\/\" rel=\"nofollow noopener\" target=\"_blank\"><strong>Tierra de talento<\/strong><\/a><strong>\u00a0<\/strong>con una noche que ha comenzado por todo lo alto rindi\u00e9ndole un emotivo homenaje a Roc\u00edo Jurado con motivo del 20 aniversario de su fallecimiento, que tuvo lugar el 1 de Junio de 2006. Nuestro jurado, compuesto por <strong>Diana Navarro<\/strong>, <strong>Jos\u00e9 Merc\u00e9<\/strong>, <strong>Mar\u00eda del Monte<\/strong> y <strong>Jes\u00fas Reina<\/strong>, nos ha regalado una actuaci\u00f3n coral de los temas<strong> \u201cSe nos rompi\u00f3 el amor\u201d<\/strong> y <strong>\u201cSe\u00f1ora\u201d.<\/strong>\n            <\/p>\n<p class=\"paragraph-atom &#10;        A-500-300-700-N A-550-300-700-N--md  \">\n                    El coro malague\u00f1o Gospel It y el cantante de Benalup-Casas Viejas, Jos\u00e9 de la Vega, ten\u00edan como desaf\u00edo<strong> Eurovisi\u00f3n. \u201cQu\u00e9date conmigo\u201d de Pastora Soler, <\/strong>es el tema que han elegido de todo el extenso repertorio del Festival de la canci\u00f3n. No han conseguido las cinco estrellas ni la unanimidad del jurado y, por tanto, han tenido que llegar a la repesca.\n            <\/p>\n<p class=\"paragraph-atom &#10;        A-500-300-700-N A-550-300-700-N--md  \">\n                    El coro ha intrepretado el tema <strong>\u00abEres t\u00fa\u00bb de Mocedades<\/strong> mientras que de la Vega ha elegido el tema \u00ab<strong>S\u00e1lvalo<\/strong>\u00bb (la adaptaci\u00f3n al espa\u00f1ol del famoso tema<strong> \u00abBring Him Home\u00bb<\/strong> del musical<strong> Los Miserables.<\/strong>  Una emotiva oraci\u00f3n y s\u00faplica interpretada por el personaje de<strong> Jean Valjean<\/strong> durante la barricada, pidiendo a Dios que proteja y devuelva con vida al joven <strong>Marius<\/strong>), donde ambos han conseguido mantenerse en el programa tras la decisi\u00f3n del jurado.\n            <\/p>\n<p class=\"paragraph-atom &#10;        A-500-300-700-N A-550-300-700-N--md  \">\n                    <strong>\u00a1No te pierdas sus actuaciones!<\/strong>\n            <\/p>\n<p class=\"paragraph-atom &#10;        A-500-300-700-N A-550-300-700-N--md  \">\n                    <strong>\u00a0<\/strong>\n            <\/p>\n","protected":false},"excerpt":{"rendered":"Este s\u00e1bado hemos vivido una nueva entrega de\u00a0\u00a0Tierra de talento\u00a0con una noche que ha comenzado por todo lo&hellip;\n","protected":false},"author":2,"featured_media":580444,"comment_status":"","ping_status":"","sticky":false,"template":"","format":"standard","meta":{"footnotes":""},"categories":[171],"tags":[50676,146,147,25,24,65802,22802,2467,23,214,8932],"class_list":["post-580443","post","type-post","status-publish","format-standard","has-post-thumbnail","category-tv","tag-coro","tag-entertainment","tag-entretenimiento","tag-es","tag-espana","tag-gospel","tag-it","tag-jose","tag-spain","tag-tv","tag-vega"],"share_on_mastodon":{"url":"https:\/\/pubeurope.com\/@es\/116668854671210711","error":""},"_links":{"self":[{"href":"https:\/\/www.europesays.com\/es\/wp-json\/wp\/v2\/posts\/580443","targetHints":{"allow":["GET"]}}],"collection":[{"href":"https:\/\/www.europesays.com\/es\/wp-json\/wp\/v2\/posts"}],"about":[{"href":"https:\/\/www.europesays.com\/es\/wp-json\/wp\/v2\/types\/post"}],"author":[{"embeddable":true,"href":"https:\/\/www.europesays.com\/es\/wp-json\/wp\/v2\/users\/2"}],"replies":[{"embeddable":true,"href":"https:\/\/www.europesays.com\/es\/wp-json\/wp\/v2\/comments?post=580443"}],"version-history":[{"count":0,"href":"https:\/\/www.europesays.com\/es\/wp-json\/wp\/v2\/posts\/580443\/revisions"}],"wp:featuredmedia":[{"embeddable":true,"href":"https:\/\/www.europesays.com\/es\/wp-json\/wp\/v2\/media\/580444"}],"wp:attachment":[{"href":"https:\/\/www.europesays.com\/es\/wp-json\/wp\/v2\/media?parent=580443"}],"wp:term":[{"taxonomy":"category","embeddable":true,"href":"https:\/\/www.europesays.com\/es\/wp-json\/wp\/v2\/categories?post=580443"},{"taxonomy":"post_tag","embeddable":true,"href":"https:\/\/www.europesays.com\/es\/wp-json\/wp\/v2\/tags?post=580443"}],"curies":[{"name":"wp","href":"https:\/\/api.w.org\/{rel}","templated":true}]}}