{"id":580485,"date":"2026-05-31T11:34:10","date_gmt":"2026-05-31T11:34:10","guid":{"rendered":"https:\/\/www.europesays.com\/es\/580485\/"},"modified":"2026-05-31T11:34:10","modified_gmt":"2026-05-31T11:34:10","slug":"el-ejercito-de-ee-uu-ha-atacado-un-barco-mercante-que-rompia-el-bloqueo-hacia-iran","status":"publish","type":"post","link":"https:\/\/www.europesays.com\/es\/580485\/","title":{"rendered":"El Ej\u00e9rcito de EE.UU. ha atacado un barco mercante que romp\u00eda el bloqueo hacia Ir\u00e1n"},"content":{"rendered":"<p>El Ej\u00e9rcito estadounidense inform\u00f3 a \u00faltima hora del s\u00e1bado de que sus fuerzas <strong>detuvieron a un buque mercante que trataba de romper el bloqueo<\/strong> de los puertos iran\u00edes al disparar un misil contra su sala de m\u00e1quinas.<\/p>\n<p>          <img decoding=\"async\" class=\"c-ad__placeholder__logo\" src=\"https:\/\/static.euronews.com\/website\/images\/logos\/logo-euronews-stacked-outlined-72x72-grey-9.svg\" width=\"72\" height=\"72\" alt=\"\" loading=\"lazy\"\/><br \/>\n          PUBLICIDAD<\/p>\n<p>          <img decoding=\"async\" class=\"c-ad__placeholder__logo\" src=\"https:\/\/static.euronews.com\/website\/images\/logos\/logo-euronews-stacked-outlined-72x72-grey-9.svg\" width=\"72\" height=\"72\" alt=\"\" loading=\"lazy\"\/><br \/>\n          PUBLICIDAD<\/p>\n<p>Seg\u00fan el Mando Central de Estados Unidos, el carguero Lian Star, con bandera de Gambia, desoy\u00f3 m\u00e1s de veinte advertencias de las fuerzas estadounidenses durante la noche mientras intentaba entrar en un puerto iran\u00ed, seg\u00fan el propio Ej\u00e9rcito. Aunque el buque qued\u00f3 a la deriva en el golfo de Om\u00e1n, las fuerzas estadounidenses no han llegado a abordarlo, seg\u00fan informan varios medios.<\/p>\n<p>La \u00faltima acci\u00f3n se produce despu\u00e9s de que esta semana se hayan reanudado las hostilidades, pese a un fr\u00e1gil <a href=\"https:\/\/es.euronews.com\/2026\/04\/08\/eeuu-e-iran-acuerdan-un-alto-el-fuego-de-dos-semanas\" rel=\"nofollow noopener\" target=\"_blank\">alto el fuego en vigor desde el 7 de abril<\/a>, y mientras el mundo espera saber si ser\u00e1 posible cerrar un acuerdo para poner fin a la guerra que Estados Unidos e Israel lanzaron contra Ir\u00e1n el 28 de febrero a ra\u00edz del disputado programa nuclear de Teher\u00e1n.<\/p>\n<p>Con esta \u00faltima operaci\u00f3n, el Ej\u00e9rcito estadounidense ha detenido a seis buques que intentaban romper el bloqueo, de los cuales solo uno pudo continuar su ruta. Otros 116 barcos han sido desviados, seg\u00fan el Ej\u00e9rcito.<\/p>\n<p><strong>El bloqueo estadounidense se puso en marcha el 17 de abril<\/strong> en respuesta al cierre de facto del estrecho por parte de Ir\u00e1n tras el inicio de la guerra en Oriente Medio.<\/p>\n<p>Washington intenta limitar los propios env\u00edos de Ir\u00e1n y debilitar a\u00fan m\u00e1s su acceso a liquidez, con el objetivo de aumentar la presi\u00f3n sobre una econom\u00eda ya muy castigada.<\/p>\n<p>Trump a\u00fan no decide sobre el acuerdo con Ir\u00e1n<\/p>\n<p>Antes, el presidente estadounidense, Donald Trump, se reuni\u00f3 el viernes con sus asesores, pero a\u00fan no ha decidido si seguir\u00e1 adelante con un acuerdo para prorrogar el alto el fuego y reabrir el estrecho, despu\u00e9s de que ambas partes cerraran un marco de entendimiento provisional.<\/p>\n<p>Ese acuerdo, seg\u00fan responsables estadounidenses, <strong>ampliar\u00eda el alto el fuego actual durante 60 d\u00edas<\/strong>, permitir\u00eda reabrir el estrecho de Ormuz y recortar\u00eda el programa nuclear iran\u00ed, con Teher\u00e1n cediendo un gran porcentaje de sus reservas de uranio. Ir\u00e1n sostiene que a\u00fan no se ha cerrado ning\u00fan acuerdo.<\/p>\n<p>Entre tanto, el tr\u00e1fico comercial ha seguido fluyendo discretamente por el estrecho, pese a las afirmaciones de Ir\u00e1n de que debe aprobar cualquier tr\u00e1nsito, aunque con un volumen mucho menor que antes de la guerra.<\/p>\n<p>\u00abCualquier violaci\u00f3n de estas normas pondr\u00e1 seriamente en riesgo la seguridad del paso\u00bb, advirti\u00f3 el mando conjunto de las fuerzas armadas iran\u00edes el s\u00e1bado en un comunicado difundido por la televisi\u00f3n estatal, en el que avis\u00f3 de que cualquier buque militar que intente interferir ser\u00e1 atacado.<\/p>\n<p>Teher\u00e1n ha llegado incluso a <strong>cobrar peajes de tr\u00e1nsito de hasta 2 millones de d\u00f3lares<\/strong>, algo que expertos consideran una violaci\u00f3n de uno de los principios del comercio mar\u00edtimo internacional, la libertad de navegaci\u00f3n pac\u00edfica.<\/p>\n<p>El s\u00e1bado, el viceprimer ministro de Qatar, el jeque Saoud bin Abdulrahman bin Hassan bin Ali Al Thani, afirm\u00f3 que el pa\u00eds del Golfo se opone a cobrar tasas por el tr\u00e1nsito, \u00abpero en determinados momentos, cuando dicen que se van a utilizar para limpiar minas u otros usos temporales de esos fondos, es algo negociable y podr\u00eda contribuir a que el tr\u00e1nsito por el estrecho de Ormuz vuelva a la normalidad\u00bb.<\/p>\n<p>Los acontecimientos en el estrecho de Ormuz, una v\u00eda mar\u00edtima clave entre Ir\u00e1n y Om\u00e1n por la que <strong>pasa en torno al 20% del tr\u00e1fico mar\u00edtimo mundial<\/strong>, han sacudido la econom\u00eda global.<\/p>\n<p>Los env\u00edos de cantidades significativas de petr\u00f3leo, gas natural y suministros asociados, como fertilizantes, est\u00e1n en gran medida bloqueados, lo que aumenta la presi\u00f3n sobre los consumidores y los productores de alimentos.<\/p>\n","protected":false},"excerpt":{"rendered":"El Ej\u00e9rcito estadounidense inform\u00f3 a \u00faltima hora del s\u00e1bado de que sus fuerzas detuvieron a un buque mercante&hellip;\n","protected":false},"author":2,"featured_media":580486,"comment_status":"","ping_status":"","sticky":false,"template":"","format":"standard","meta":{"footnotes":""},"categories":[42],"tags":[6647,17,18,81680,13,14,11,61,62,63,64,3137,19,20,6363,9,10,15,16,12,21,22,65,66,67],"class_list":["post-580485","post","type-post","status-publish","format-standard","has-post-thumbnail","category-internacional","tag-bloqueo","tag-breaking-news","tag-breakingnews","tag-estrecho-de-ormuz","tag-featured-news","tag-featurednews","tag-headlines","tag-internacional","tag-international","tag-international-news","tag-internationalnews","tag-iran","tag-latest-news","tag-latestnews","tag-militar","tag-news","tag-noticias","tag-noticias-destacadas","tag-noticiasdestacadas","tag-titulares","tag-ultimas-noticias","tag-ultimasnoticias","tag-world","tag-world-news","tag-worldnews"],"share_on_mastodon":{"url":"https:\/\/pubeurope.com\/@es\/116668980953558230","error":""},"_links":{"self":[{"href":"https:\/\/www.europesays.com\/es\/wp-json\/wp\/v2\/posts\/580485","targetHints":{"allow":["GET"]}}],"collection":[{"href":"https:\/\/www.europesays.com\/es\/wp-json\/wp\/v2\/posts"}],"about":[{"href":"https:\/\/www.europesays.com\/es\/wp-json\/wp\/v2\/types\/post"}],"author":[{"embeddable":true,"href":"https:\/\/www.europesays.com\/es\/wp-json\/wp\/v2\/users\/2"}],"replies":[{"embeddable":true,"href":"https:\/\/www.europesays.com\/es\/wp-json\/wp\/v2\/comments?post=580485"}],"version-history":[{"count":0,"href":"https:\/\/www.europesays.com\/es\/wp-json\/wp\/v2\/posts\/580485\/revisions"}],"wp:featuredmedia":[{"embeddable":true,"href":"https:\/\/www.europesays.com\/es\/wp-json\/wp\/v2\/media\/580486"}],"wp:attachment":[{"href":"https:\/\/www.europesays.com\/es\/wp-json\/wp\/v2\/media?parent=580485"}],"wp:term":[{"taxonomy":"category","embeddable":true,"href":"https:\/\/www.europesays.com\/es\/wp-json\/wp\/v2\/categories?post=580485"},{"taxonomy":"post_tag","embeddable":true,"href":"https:\/\/www.europesays.com\/es\/wp-json\/wp\/v2\/tags?post=580485"}],"curies":[{"name":"wp","href":"https:\/\/api.w.org\/{rel}","templated":true}]}}