{"id":58051,"date":"2025-08-19T14:10:09","date_gmt":"2025-08-19T14:10:09","guid":{"rendered":"https:\/\/www.europesays.com\/es\/58051\/"},"modified":"2025-08-19T14:10:09","modified_gmt":"2025-08-19T14:10:09","slug":"detenido-un-menor-en-santiago-investigado-por-iniciar-varios-incendios","status":"publish","type":"post","link":"https:\/\/www.europesays.com\/es\/58051\/","title":{"rendered":"Detenido un menor en Santiago investigado por iniciar varios incendios"},"content":{"rendered":"<p>Los agentes de la Polic\u00eda Nacional y Local le relacionan con al menos siete focos entre los d\u00edas 7 y 17 de agosto en los barrios compostelanos de Vid\u00e1n y La Rocha<\/p>\n<p><img fetchpriority=\"high\" class=\"voc-img\" src=\"https:\/\/www.europesays.com\/es\/wp-content\/uploads\/2025\/08\/policia-REnSlkj7RzRnb97Ww3YR44J-1200x840@diario_abc.jpg\" loading=\"eager\" decoding=\"async\" alt=\"Dependencias de la Polic\u00eda Local en Santiago de Compostela\" width=\"1200\" height=\"840\"\/><\/p>\n<p>Dependencias de la Polic\u00eda Local en Santiago de Compostela    Miguel Mu\u00f1iz  <\/p>\n<p>19\/08\/2025<br \/>\n<br \/><strong><br \/>\nActualizado a las 13:04h.<br \/>\n<\/strong><\/p>\n<p class=\"voc-p\" style=\"\">Una investigaci\u00f3n conjunta de la Polic\u00eda Nacional y Polic\u00eda Local de Santiago de Compostela ha concluido con la detenci\u00f3n de un menor de edad en la capital gallega, <strong>acusado de provocar intencionadamente varios inicios de incendio<\/strong> en los barrios de Santiago de Vid\u00e1n y La Rocha entre los d\u00edas 7 y 17 de agosto.<\/p>\n<p class=\"voc-p\" style=\"\">Seg\u00fan han informado los agentes, la actuaci\u00f3n se circunscribe al marco de actuaciones llevadas a cabo por ambos cuerpos de seguridad para la prevenci\u00f3n de incendios en un<a href=\"https:\/\/www.abc.es\/sociedad\/incendios-castilla-leon-extremadura-galicia-resto-espana-20250818095643-di.html\" rel=\"nofollow noopener\" target=\"_self\" data-voc-vtm-id=\"in-text-traffic\" title=\" momento de m\u00e1xima tensi\u00f3n\"> momento de m\u00e1xima tensi\u00f3n<\/a>, por el cual Galicia se enfrenta a una de las peores oleadas de incendios de toda su historia.<\/p>\n<p class=\"voc-p\" style=\"\">Tras intensificar las patrullas en los barrios anteriormente mencionados, los agentes, que agradecieron tambi\u00e9n la colaboraci\u00f3n ciudadana, pudieron identificar y detener a un ciudadano menor de edad que resid\u00eda en el \u00e1rea, al que <strong>intervinieron dos mecheros<\/strong>.<\/p>\n<p class=\"voc-p\" style=\"\">La zona afectada por los siete incendios detectados y en los que ha participado el servicio forestal de extinci\u00f3n de incendios y los bomberos, ha sido de 1,36 hect\u00e1reas de extensi\u00f3n aproximadamente.<\/p>\n<p class=\"voc-p\" style=\"\">Una vez concluidas las diligencias policiales, el detenido ha pasado a disposici\u00f3n de la Fiscal\u00eda de Menores de La Coru\u00f1a, quien ha ordenado su <strong>ingreso en un Centro de Internamiento<\/strong> de menores.<\/p>\n<p>Reportar un error<\/p>\n","protected":false},"excerpt":{"rendered":"Los agentes de la Polic\u00eda Nacional y Local le relacionan con al menos siete focos entre los d\u00edas&hellip;\n","protected":false},"author":2,"featured_media":58052,"comment_status":"","ping_status":"","sticky":false,"template":"","format":"standard","meta":{"footnotes":""},"categories":[8],"tags":[17,18,8838,25,24,13,14,11,4342,21861,12549,19,20,2126,9,10,15,16,2450,23,12,21,22,12985],"class_list":{"0":"post-58051","1":"post","2":"type-post","3":"status-publish","4":"format-standard","5":"has-post-thumbnail","7":"category-espana","8":"tag-breaking-news","9":"tag-breakingnews","10":"tag-detenido","11":"tag-es","12":"tag-espana","13":"tag-featured-news","14":"tag-featurednews","15":"tag-headlines","16":"tag-incendios","17":"tag-iniciar","18":"tag-investigado","19":"tag-latest-news","20":"tag-latestnews","21":"tag-menor","22":"tag-news","23":"tag-noticias","24":"tag-noticias-destacadas","25":"tag-noticiasdestacadas","26":"tag-santiago","27":"tag-spain","28":"tag-titulares","29":"tag-ultimas-noticias","30":"tag-ultimasnoticias","31":"tag-varios"},"share_on_mastodon":{"url":"","error":""},"_links":{"self":[{"href":"https:\/\/www.europesays.com\/es\/wp-json\/wp\/v2\/posts\/58051","targetHints":{"allow":["GET"]}}],"collection":[{"href":"https:\/\/www.europesays.com\/es\/wp-json\/wp\/v2\/posts"}],"about":[{"href":"https:\/\/www.europesays.com\/es\/wp-json\/wp\/v2\/types\/post"}],"author":[{"embeddable":true,"href":"https:\/\/www.europesays.com\/es\/wp-json\/wp\/v2\/users\/2"}],"replies":[{"embeddable":true,"href":"https:\/\/www.europesays.com\/es\/wp-json\/wp\/v2\/comments?post=58051"}],"version-history":[{"count":0,"href":"https:\/\/www.europesays.com\/es\/wp-json\/wp\/v2\/posts\/58051\/revisions"}],"wp:featuredmedia":[{"embeddable":true,"href":"https:\/\/www.europesays.com\/es\/wp-json\/wp\/v2\/media\/58052"}],"wp:attachment":[{"href":"https:\/\/www.europesays.com\/es\/wp-json\/wp\/v2\/media?parent=58051"}],"wp:term":[{"taxonomy":"category","embeddable":true,"href":"https:\/\/www.europesays.com\/es\/wp-json\/wp\/v2\/categories?post=58051"},{"taxonomy":"post_tag","embeddable":true,"href":"https:\/\/www.europesays.com\/es\/wp-json\/wp\/v2\/tags?post=58051"}],"curies":[{"name":"wp","href":"https:\/\/api.w.org\/{rel}","templated":true}]}}