{"id":580580,"date":"2026-05-31T12:45:14","date_gmt":"2026-05-31T12:45:14","guid":{"rendered":"https:\/\/www.europesays.com\/es\/580580\/"},"modified":"2026-05-31T12:45:14","modified_gmt":"2026-05-31T12:45:14","slug":"jornada-de-dialogos-educativos-para-la-convivencia-y-la-memoria-democratica","status":"publish","type":"post","link":"https:\/\/www.europesays.com\/es\/580580\/","title":{"rendered":"Jornada de Di\u00e1logos educativos para la Convivencia y la Memoria Democr\u00e1tica"},"content":{"rendered":"<p>jo<\/p>\n<p>El Auditorio Riberas del Guada\u00edra acogi\u00f3 una jornada sobre Di\u00e1logos educativos para la Convivencia y la Memoria, bajo el lema \u201cEducar en dictadura vs educar en democracia\u201d que la Fundaci\u00f3n CIVES, en colaboraci\u00f3n con la Asociaci\u00f3n de Memoria Hist\u00f3rica y Democr\u00e1tica y el Ayuntamiento organizaron en este espacio.\n  <\/p>\n<p>Cont\u00f3 con la asistencia del delegado de Memoria de Memoria Democr\u00e1tica e Identidad Andaluza, Christopher Rivas, el delegado de Educaci\u00f3n, Pablo Chain, de escolares alcalare\u00f1os de los IES Alguada\u00edra y Crist\u00f3bal de Monroy, as\u00ed como, profesores, escritores, investigadores y representantes de la Asociaci\u00f3n de Memoria Hist\u00f3rica y Democr\u00e1tica de Alcal\u00e1 de Guada\u00edra.\n  <\/p>\n<p>El objetivo era celebrar una jornada de reflexi\u00f3n, debate y convivencia con la comunidad educativa sobre los principales retos que debe abordar la Memoria Democr\u00e1tica en el \u00e1mbito escolar, donde ha sido establecida de conformidad por la Reforma Educativa que lo incorpora como parte propia del curr\u00edculo escolar.\n  <\/p>\n<p>Esta jornada de participaci\u00f3n escolar se organiz\u00f3 junto a la Secretar\u00eda de Estado de Memoria Democr\u00e1tica, en el marco del programa oficial de pol\u00edtica p\u00fablica de memoria, \u201cEspa\u00f1a en libertad. 50 a\u00f1os\u201d, con el objeto de apoyar, a trav\u00e9s de educaci\u00f3n, a una sociedad que desea consolidar la vigencia de sus derechos y libertades democr\u00e1ticas frente a la penetraci\u00f3n de ideas y propuestas antidemocr\u00e1ticas de car\u00e1cter cultural y pol\u00edtico.\n  <\/p>\n<p>El d\u00eda se desarroll\u00f3 con la celebraci\u00f3n de varias mesas redondas y foros de debate. En la clausura particip\u00f3 el delegado de Memoria de Memoria Democr\u00e1tica e Identidad Andaluza, Christopher Rivas, quien destac\u00f3 la magn\u00edfica labor que realizan todas las personas para que \u201cse haga justicia, y se llegue a todos los p\u00fablicos, y a los m\u00e1s j\u00f3venes, para que entiendan que la democracia es nuestro mayor reto, y que todos sepamos d\u00f3nde est\u00e1n nuestros derechos y libertades\u201d.\n  <\/p>\n<p>Resalt\u00f3 tambi\u00e9n el espacio donde se celebr\u00f3 el encuentro como un lugar de \u201cexcelencia democr\u00e1tica, ya que es aqu\u00ed, donde se celebran los plenos del Ayuntamiento y donde se defiende la memoria, y d\u00f3nde se presentaba hace unos d\u00edas la Ruta de Blas Infante. Una ruta tur\u00edstica, pero es mucho m\u00e1s all\u00e1 que todo eso, porque la memoria, porque nuestra historia, porque nuestra identidad, tambi\u00e9n tiene la capacidad de convertirse en cultura, de generar atractivo tur\u00edstico y de permitir que gente de aqu\u00ed y gente de fuera de aqu\u00ed venga a visitarnos y pueda, al mismo tiempo que conoce nuestros monumentos, nuestras calles o nuestras representaciones culturales m\u00e1s tradicionales, tambi\u00e9n conozca partes de nuestra historia\u201d, concluy\u00f3.\n  <\/p>\n<p>Tras su intervenci\u00f3n, la jornada finaliz\u00f3 con la entrega de diplomas y una comida de convivencia.\n  <\/p>\n<p>\u00a0\n  <\/p>\n<p>\u00a0\n  <\/p>\n<p>\u00a0\n  <\/p>\n<p>\u00a0\n  <\/p>\n<p>\u00a0\n  <\/p>\n<p>\u00a0\n  <\/p>\n<p>\u00a0<\/p>\n","protected":false},"excerpt":{"rendered":"jo El Auditorio Riberas del Guada\u00edra acogi\u00f3 una jornada sobre Di\u00e1logos educativos para la Convivencia y la Memoria,&hellip;\n","protected":false},"author":2,"featured_media":580581,"comment_status":"","ping_status":"","sticky":false,"template":"","format":"standard","meta":{"footnotes":""},"categories":[5],"tags":[24471,24470,24478,24469,1250,17,18,777,209,24474,168,24489,2026,24491,24480,25,24,13,14,24488,24487,24490,24492,24473,11,2178,3624,15235,891,6850,19,20,6688,24483,24054,24497,4044,24493,9,10,15,16,24477,24482,24415,24472,12365,24496,1922,24485,24481,24479,24475,24484,19497,24486,1171,23,24494,12,24476,4664,21,22,24495],"class_list":["post-580580","post","type-post","status-publish","format-standard","has-post-thumbnail","category-titulares","tag-accesibilidad","tag-administracion-electronica","tag-agenda-de-actividades","tag-alcala-de-guadaira","tag-ayuntamiento","tag-breaking-news","tag-breakingnews","tag-ciudad","tag-cultura","tag-datos-abiertos","tag-deportes","tag-desarrollo-economico","tag-educacion","tag-edusi","tag-equipamientos","tag-es","tag-espana","tag-featured-news","tag-featurednews","tag-feria-de-alcala","tag-fiestas-mayores","tag-formacion-y-empleo","tag-gestion-tributaria","tag-gobierno-abierto","tag-headlines","tag-igualdad","tag-infancia","tag-infraestructura","tag-inmigrantes","tag-juventud","tag-latest-news","tag-latestnews","tag-medio-ambiente","tag-molinos","tag-movilidad-urbana","tag-movilidad-y-transporte","tag-mujeres","tag-museo-de-alcala","tag-news","tag-noticias","tag-noticias-destacadas","tag-noticiasdestacadas","tag-oferta-de-empleo","tag-oromana","tag-participacion-ciudadana","tag-personas-con-discapacidad","tag-personas-mayores","tag-punto-limpio","tag-redes-sociales","tag-secretaria","tag-sede-electronica","tag-servicio-de-quejas-y-sugerencias","tag-servicios-destacados","tag-servicios-municipales","tag-servicios-sociales","tag-servicios-urbanos","tag-sevilla","tag-spain","tag-teatro-auditorio-riberas-del-guadaira","tag-titulares","tag-tramites-y-servicios","tag-turismo","tag-ultimas-noticias","tag-ultimasnoticias","tag-universidad-popular"],"share_on_mastodon":{"url":"","error":"Validation failed: Text character limit of 500 exceeded"},"_links":{"self":[{"href":"https:\/\/www.europesays.com\/es\/wp-json\/wp\/v2\/posts\/580580","targetHints":{"allow":["GET"]}}],"collection":[{"href":"https:\/\/www.europesays.com\/es\/wp-json\/wp\/v2\/posts"}],"about":[{"href":"https:\/\/www.europesays.com\/es\/wp-json\/wp\/v2\/types\/post"}],"author":[{"embeddable":true,"href":"https:\/\/www.europesays.com\/es\/wp-json\/wp\/v2\/users\/2"}],"replies":[{"embeddable":true,"href":"https:\/\/www.europesays.com\/es\/wp-json\/wp\/v2\/comments?post=580580"}],"version-history":[{"count":0,"href":"https:\/\/www.europesays.com\/es\/wp-json\/wp\/v2\/posts\/580580\/revisions"}],"wp:featuredmedia":[{"embeddable":true,"href":"https:\/\/www.europesays.com\/es\/wp-json\/wp\/v2\/media\/580581"}],"wp:attachment":[{"href":"https:\/\/www.europesays.com\/es\/wp-json\/wp\/v2\/media?parent=580580"}],"wp:term":[{"taxonomy":"category","embeddable":true,"href":"https:\/\/www.europesays.com\/es\/wp-json\/wp\/v2\/categories?post=580580"},{"taxonomy":"post_tag","embeddable":true,"href":"https:\/\/www.europesays.com\/es\/wp-json\/wp\/v2\/tags?post=580580"}],"curies":[{"name":"wp","href":"https:\/\/api.w.org\/{rel}","templated":true}]}}