{"id":580606,"date":"2026-05-31T13:05:14","date_gmt":"2026-05-31T13:05:14","guid":{"rendered":"https:\/\/www.europesays.com\/es\/580606\/"},"modified":"2026-05-31T13:05:14","modified_gmt":"2026-05-31T13:05:14","slug":"carlos-ruiz-ya-no-pertenece-a-la-estructura-deportiva-del-cd-tenerife","status":"publish","type":"post","link":"https:\/\/www.europesays.com\/es\/580606\/","title":{"rendered":"Carlos Ruiz ya no pertenece a la estructura deportiva del CD Tenerife"},"content":{"rendered":"<p class=\"ft-text ft-helper-closenews\"><a class=\"ft-link ft-link--decoration\" href=\"https:\/\/www.eldia.es\/tags\/carlos-ruiz\/\" rel=\"nofollow noopener\" target=\"_blank\">Carlos Ruiz Aranega<\/a> ya no forma parte del organigrama del CD Tenerife. Si bien la \u00faltima versi\u00f3n que hab\u00edan ofrecido desde el club a los medios de comunicaci\u00f3n es que el profesional andaluz se encontraba de baja por paternidad, la realidad es que el de Baza abandona su cargo como director del \u00e1rea de f\u00fatbol base, seg\u00fan ha comunicado a sus compa\u00f1eros durante este mes de mayo.<strong> Las fuentes consultadas por EL D\u00cdA aseguran que todas las funciones de Ruiz las desarrolla desde hace largo tiempo un profesional de la casa como es Monsi Brito. <\/strong>De hecho, fue \u00e9ste \u00faltimo fue quien <a class=\"ft-link ft-link--decoration\" href=\"https:\/\/www.eldia.es\/deportes\/cd-tenerife\/2026\/05\/25\/fc-barcelona-dirige-cd-tenerife-130602526.html\" rel=\"nofollow noopener\" target=\"_blank\">recibi\u00f3 el preaviso de que el FC Barcelona<\/a> llamar\u00eda al representativo para mostrar inter\u00e9s por uno de sus canteranos m\u00e1s emergentes, Jony Hern\u00e1ndez, lo cual ocurri\u00f3 justo antes del estreno del extremo grancanario con el primer equipo blanquiazul. Tambi\u00e9n otras gestiones capitales en este mismo departamento han sido gestionadas por Brito o por otros cargos relevantes de la parcela deportiva.<\/p>\n<p class=\"ft-text\">Carlos Ruiz fue anunciado por sorpresa en noviembre del a\u00f1o pasado como responsable del \u00e1rea de f\u00fatbol base despu\u00e9s de que Ayoze Garc\u00eda declinara asumir esta funci\u00f3n.De este modo, el granadino pasaba a relevar a Ses\u00e9 Rivero al frente del departamento. No obstante, el peso en las decisiones m\u00e1s relevantes en esta parcela nunca correspondi\u00f3 en la pr\u00e1ctica a Ruiz, quien ahora sale del club, seg\u00fan \u00e9l mismo ha explicado a sus propios compa\u00f1eros.<\/p>\n<p class=\"ft-text\"><strong>Tras un largo tiempo en que este \u00e1rea estuvo bajo el estricto control de Ses\u00e9 Rivero y su equipo de trabajo, en los \u00faltimos tiempos ha habido muchos vaivenes<\/strong>. Durante la etapa de Jos\u00e9 Miguel Garrido como m\u00e1ximo accionista se apost\u00f3 por Jony Vega, que ofreci\u00f3 unos resultados notables y tangibles, tales como la incorporaci\u00f3n de <a class=\"ft-link ft-link--decoration\" href=\"https:\/\/www.eldia.es\/deportes\/cd-tenerife\/2025\/12\/01\/loic-williams-orgulloso-haber-dejado-124299537.html\" rel=\"nofollow noopener\" target=\"_blank\">Lo\u00efc Williams<\/a> \u2013luego fue revendido con una importante plusval\u00eda al Granada\u2013, la renovaci\u00f3n de Dani Fern\u00e1ndez (ahora importante para el primer equipo)o Manu Montero cuando ambos ten\u00edan importantes ofertas para marcharse o el anhelado ascenso del filial a Segunda RFEF, conseguido con \u00e9xito en 2024 tras una larga serie de intentos bald\u00edos.<\/p>\n<p class=\"ft-text\">Una vez aterrizaron en el club Rayco Garc\u00eda y Ayoze Garc\u00eda, ambos determinaron apostar por otra filosof\u00eda distinta para el \u00e1rea de cantera, sali\u00f3 Jony y se design\u00f3 como m\u00e1ximo responsable a Carlos Ruiz, si bien la confecci\u00f3n de las plantillas fue realizada mayoritariamente por otros profesionales del club isle\u00f1o.<strong> Ahora, corresponde al Tenerife anunciar los cambios que considere oportunos, si bien para este tipo de informaciones el club siempre ha optado por un perfil bajo. Por poner un ejemplo, el nombramiento de Antonio Porro como consejero delegado nunca lleg\u00f3 a comunicarse oficialmente.<\/strong><\/p>\n<p>Figura relevante<\/p>\n<p class=\"ft-text\">Ruiz hab\u00eda llegado al Tenerife en 2013 tras pasar por clubes como Granada, Melilla o Ponferradina. Como futbolista complet\u00f3 una etapa muy intensa y estuvo muy cerca de conseguir el ascenso a Primera Divisi\u00f3n por dos veces en las finales perdidas ante Girona y Getafe. Lleg\u00f3 a formar parte del grupo de capitanes e incrust\u00f3 su nombre entre los jugadores de su demarcaci\u00f3n que m\u00e1s partidos oficiales han jugado con el Tenerife.<strong> En total, fueron 286 comparencias, en las que anot\u00f3 17 goles.<\/strong><\/p>\n<p class=\"ft-text\">El club prev\u00e9 optimizar el funcionamiento del \u00e1rea de cantera, aligerar cargos innecesarios \u2013en su d\u00eda se opt\u00f3 por prescindr de To\u00f1o y Julio Dur\u00e1n\u2013 y tambi\u00e9n reformar otras parcelas, como la m\u00e9dica.<\/p>\n<p data-close=\"closedContent\" class=\"subscribeHideForDisplay\">Suscr\u00edbete para seguir leyendo<\/p>\n","protected":false},"excerpt":{"rendered":"Carlos Ruiz Aranega ya no forma parte del organigrama del CD Tenerife. Si bien la \u00faltima versi\u00f3n que&hellip;\n","protected":false},"author":2,"featured_media":580607,"comment_status":"","ping_status":"","sticky":false,"template":"","format":"standard","meta":{"footnotes":""},"categories":[80],"tags":[82,415,110632,8902,7963,95,94,25,24,9818,33339,5106,23],"class_list":["post-580606","post","type-post","status-publish","format-standard","has-post-thumbnail","category-economia","tag-business","tag-carlos","tag-carlos-ruiz","tag-cd-tenerife","tag-deportiva","tag-economia","tag-economy","tag-es","tag-espana","tag-estructura","tag-pertenece","tag-ruiz","tag-spain"],"share_on_mastodon":{"url":"https:\/\/pubeurope.com\/@es\/116669338527840161","error":""},"_links":{"self":[{"href":"https:\/\/www.europesays.com\/es\/wp-json\/wp\/v2\/posts\/580606","targetHints":{"allow":["GET"]}}],"collection":[{"href":"https:\/\/www.europesays.com\/es\/wp-json\/wp\/v2\/posts"}],"about":[{"href":"https:\/\/www.europesays.com\/es\/wp-json\/wp\/v2\/types\/post"}],"author":[{"embeddable":true,"href":"https:\/\/www.europesays.com\/es\/wp-json\/wp\/v2\/users\/2"}],"replies":[{"embeddable":true,"href":"https:\/\/www.europesays.com\/es\/wp-json\/wp\/v2\/comments?post=580606"}],"version-history":[{"count":0,"href":"https:\/\/www.europesays.com\/es\/wp-json\/wp\/v2\/posts\/580606\/revisions"}],"wp:featuredmedia":[{"embeddable":true,"href":"https:\/\/www.europesays.com\/es\/wp-json\/wp\/v2\/media\/580607"}],"wp:attachment":[{"href":"https:\/\/www.europesays.com\/es\/wp-json\/wp\/v2\/media?parent=580606"}],"wp:term":[{"taxonomy":"category","embeddable":true,"href":"https:\/\/www.europesays.com\/es\/wp-json\/wp\/v2\/categories?post=580606"},{"taxonomy":"post_tag","embeddable":true,"href":"https:\/\/www.europesays.com\/es\/wp-json\/wp\/v2\/tags?post=580606"}],"curies":[{"name":"wp","href":"https:\/\/api.w.org\/{rel}","templated":true}]}}