{"id":58078,"date":"2025-08-19T14:26:08","date_gmt":"2025-08-19T14:26:08","guid":{"rendered":"https:\/\/www.europesays.com\/es\/58078\/"},"modified":"2025-08-19T14:26:08","modified_gmt":"2025-08-19T14:26:08","slug":"liam-neeson-y-pamela-anderson-en-agarralo-como-puedas-mido-193-y-llevo-un-uniforme-de-colegiala-vandal","status":"publish","type":"post","link":"https:\/\/www.europesays.com\/es\/58078\/","title":{"rendered":"Liam Neeson y Pamela Anderson en &#039;Ag\u00e1rralo como puedas&#039;: &#039;Mido 1,93 y llevo un uniforme de colegiala&#039; &#8211; Vandal"},"content":{"rendered":"<ol>\n<li><a href=\"https:\/\/news.google.com\/rss\/articles\/CBMi1AFBVV95cUxNeGlHcnBzcF8yZEZxZExWbGFsT2s1bkNHX2kydkQ0NlpYR3l6N3ZsWlp0UlZqTEZrVXlXR3JZSjBCYXAwRF9FeWJLNHJZZF9OeUJOSWE4ckgweVFVQ2NRMlJsR3RtWHM1OXUwVk5iUjJqZVF5YmlMekdKSjlKVW5VOUJxbXhGV0pjUnBFSE02RW44akVRNWtqLWN1UzdUUHphYTFRQzl3VXhfVkJ3UGYxVUJHN0NkWnUxNm16Y3Ixck9HRUpwRmtUT2Q2UTE2alRwYlNFNdIB2gFBVV95cUxNVktSRkZOaGFUVU1SMTZsUWJ1ZjRmZGl4VFpyck9PME9XVUh2TVVrdmtoeHRiUDM2RUZXOURzRm4xcDlTcl9BbHVwSGhIWDVLa21WVDBQOEY3WHh5V0RpMEFvZGlIekNuRHluaVd2bjYyQlZ2WUlaTHBsZzBDWWk5eUtQMEdKcVU3ZFlObVlidk4tZFRkYnhGdWxyck1QMzdoVEpQMDVEZ09KRkdXNkZoYlI2bGFtWkdIbTQ4blc0QUhiSXpjeTNybTl6UVI1NHBaUlZKWFhsdlN6QQ?oc=5\" target=\"_blank\" rel=\"nofollow noopener\">Liam Neeson y Pamela Anderson en &#8216;Ag\u00e1rralo como puedas&#8217;: &#8216;Mido 1,93 y llevo un uniforme de colegiala&#8217;<\/a>&nbsp;&nbsp;Vandal<\/li>\n<li><a href=\"https:\/\/news.google.com\/rss\/articles\/CBMitgFBVV95cUxNaWpQRWhSanUwZ0ppRGZZMzlDUDBCQ1dBZlFET1RYWS1qMlAxWVgyQWtYdzFLMEt3bU5uNURkZkdzVUl5UkVDbGROZFdNZjNYNkxVSjZVc0lLOVhVYXZqZ05UN3FjSTJaaUJ5dnRSaWFLMml5VFFFalBENnNtS2t0U3FHM0dnSFI1eGFYSU1sNFE1UzB4UXJCeW9Jd09vY0ZJV1VHWVI0RUI5TldXRTlubHJQOHQ3UQ?oc=5\" target=\"_blank\" rel=\"nofollow noopener\">D\u00f3nde ver en streaming la saga &#8216;Ag\u00e1rralo como puedas&#8217; antes de ir al cine a ver la nueva<\/a>&nbsp;&nbsp;Andro4all<\/li>\n<li><a href=\"https:\/\/news.google.com\/rss\/articles\/CBMisgFBVV95cUxQRWo5TlN3VFd3N2pjcV9Ba0tWMWhMbWhHaGJlc09fOWJjWUNSZ2FpdG95TXFGR0p4RHJ4Z0V4TWpLeDJKMTIzT1B6UTVrd0ZGQ3cyR0lvdkZPUUdZMjRYUDRJNWxIb2tyczN2Ul9CWGVOY05TUzZoXzNtemhXUnNwQ01weWNaQ05BWlkyQlpqOWNKZjZ6bjVOR3pYTHhJTzRud0Mtak84NW1KZ0hqNHVrWklB?oc=5\" target=\"_blank\" rel=\"nofollow noopener\">Y D\u00f3nde Est\u00e1 el Polic\u00eda: El regreso m\u00e1s absurdo y divertido del a\u00f1o<\/a>&nbsp;&nbsp;Rockaxis<\/li>\n<li><a href=\"https:\/\/news.google.com\/rss\/articles\/CBMib0FVX3lxTE9xRFRSaEgwb0liNjhGSHluZXpmc2NxRlREc051OUR6NGVMNXF1Ty1wUzVoMXNLRk5Kdmw4b1JLSVJCY0dLUHlOdWg2M1l1X014RVNyeGVjaTlKVUVzd3ptOHJOR0tGZTc3c2RQSEhBY9IBfEFVX3lxTE1xSTJDOTZjUmFHZDZOS3Z1aXUtb0VycGN5TjgyZ1k3VnBwODBNREphbVNBY2p4Y3duXzlGdkN0bXpvZl80cmJYSVlVWEJfODB4OF95dzJfcXI5UjdhTVE5dE9YMjZVSGxETWhDRjFnc1BUTFNqS3BtWk9ndGk?oc=5\" target=\"_blank\" rel=\"nofollow noopener\">Spoiler Night de La Pistola Desnuda<\/a>&nbsp;&nbsp;ultimahora.com<\/li>\n<li><a href=\"https:\/\/news.google.com\/rss\/articles\/CBMieEFVX3lxTFB4TDYxeGh6U2c0T05WbzViQXREaXh6SjhvZE95SEdtaVhsalA5YlRqUWljNFBISlZYUlNwejFUSUlOc29tSkhuTnpXZnU5akZVVWZFOEhjMUNWZ29TenBJTEFfRHF3ZElaNUhvYnhIV1dWUW93QWtzYQ?oc=5\" target=\"_blank\" rel=\"nofollow noopener\">&#8216;The Naked Gun&#8217; (2025): Liam Neeson se burla de s\u00ed mismo en un reboot que mezcla nostalgia y caos.<\/a>&nbsp;&nbsp;cocalecas<\/li>\n<\/ol>\n","protected":false},"excerpt":{"rendered":"Liam Neeson y Pamela Anderson en &#8216;Ag\u00e1rralo como puedas&#8217;: &#8216;Mido 1,93 y llevo un uniforme de colegiala&#8217;&nbsp;&nbsp;Vandal D\u00f3nde&hellip;\n","protected":false},"author":2,"featured_media":58079,"comment_status":"","ping_status":"","sticky":false,"template":"","format":"standard","meta":{"footnotes":""},"categories":[169],"tags":[177,146,147,25,24,2065,176,175,23],"class_list":{"0":"post-58078","1":"post","2":"type-post","3":"status-publish","4":"format-standard","5":"has-post-thumbnail","7":"category-cine","8":"tag-cine","9":"tag-entertainment","10":"tag-entretenimiento","11":"tag-es","12":"tag-espana","13":"tag-faltan-tags","14":"tag-film","15":"tag-movies","16":"tag-spain"},"share_on_mastodon":{"url":"","error":""},"_links":{"self":[{"href":"https:\/\/www.europesays.com\/es\/wp-json\/wp\/v2\/posts\/58078","targetHints":{"allow":["GET"]}}],"collection":[{"href":"https:\/\/www.europesays.com\/es\/wp-json\/wp\/v2\/posts"}],"about":[{"href":"https:\/\/www.europesays.com\/es\/wp-json\/wp\/v2\/types\/post"}],"author":[{"embeddable":true,"href":"https:\/\/www.europesays.com\/es\/wp-json\/wp\/v2\/users\/2"}],"replies":[{"embeddable":true,"href":"https:\/\/www.europesays.com\/es\/wp-json\/wp\/v2\/comments?post=58078"}],"version-history":[{"count":0,"href":"https:\/\/www.europesays.com\/es\/wp-json\/wp\/v2\/posts\/58078\/revisions"}],"wp:featuredmedia":[{"embeddable":true,"href":"https:\/\/www.europesays.com\/es\/wp-json\/wp\/v2\/media\/58079"}],"wp:attachment":[{"href":"https:\/\/www.europesays.com\/es\/wp-json\/wp\/v2\/media?parent=58078"}],"wp:term":[{"taxonomy":"category","embeddable":true,"href":"https:\/\/www.europesays.com\/es\/wp-json\/wp\/v2\/categories?post=58078"},{"taxonomy":"post_tag","embeddable":true,"href":"https:\/\/www.europesays.com\/es\/wp-json\/wp\/v2\/tags?post=58078"}],"curies":[{"name":"wp","href":"https:\/\/api.w.org\/{rel}","templated":true}]}}