{"id":581113,"date":"2026-05-31T19:25:14","date_gmt":"2026-05-31T19:25:14","guid":{"rendered":"https:\/\/www.europesays.com\/es\/581113\/"},"modified":"2026-05-31T19:25:14","modified_gmt":"2026-05-31T19:25:14","slug":"el-giro-dorado-de-igor-arrieta-y-markel-beloki","status":"publish","type":"post","link":"https:\/\/www.europesays.com\/es\/581113\/","title":{"rendered":"El Giro dorado de Igor Arrieta y Markel Beloki"},"content":{"rendered":"<p>\n        Con la pena arrastras por la ausencia de <strong>Mikel Landa<\/strong>, que tuvo que renunciar al <strong>Giro de Italia <\/strong>por culpa del accidente en la <strong>Itzulia<\/strong>, atropellado por el coche m\u00e9dico en el descenso de San Miguel de Aralar, la carrera italiana convoc\u00f3 a dos vascos en los tacos de salida de Bulgaria: <strong>Igor Arrieta y Markel Beloki<\/strong>.\n<\/p>\n<p class=\"article-body__text \">\n        Pertenecen ambos a la nueva ola de ciclistas que pretenden la sucesi\u00f3n de los \u00faltimos vestigios de la edad dorada del ciclismo de <strong>Euskal Herria <\/strong>en las pasadas dos d\u00e9cadas. Son dos de sus estandartes. El de Uharte Arakil acud\u00eda con la idea de contribuir a la misi\u00f3n de<strong> Adam Yates<\/strong>.\n<\/p>\n<p class=\"article-body__text \">\n        Sucedi\u00f3 que el ingl\u00e9s dijo adi\u00f3s a la Corsa rosa tras la dura ca\u00edda que sufri\u00f3 en Bulgaria y que amput\u00f3 al UAE, que perdi\u00f3 a tres de sus piezas de una dentellada de fatalidad. Eso oblig\u00f3 a replantear el enfoque de la carrera para los que quedaban en pie. Entre ellos, Igor Arrieta.\n<\/p>\n<p class=\"article-body__text \">\n        Lejos de esquivar la responsabilidad o de camuflarse en los lugares comunes, el de Uharte Arakil dio un paso al frente y se erigi\u00f3 en un gran protagonista. Arrieta se adentr\u00f3 en el Giro tras un estupendo arranque de campa\u00f1a. Tercero en el <strong>AlUla Tour<\/strong>, dej\u00f3 huella en la Itzulia, donde acab\u00f3 octavo en la general y fue segundo en la jornada con final en <strong>Basauri<\/strong>. Solo <strong>Axel Laurence<\/strong> pudo con \u00e9l.\u00a0\n<\/p>\n<p class=\"article-body__text \">\n        Repleto de moral, ambici\u00f3n y determinaci\u00f3n, Arrieta se subray\u00f3 con un Giro extraordinario. Logr\u00f3 una conmovedora victoria en Potenza al batir a Eul\u00e1lio en un ag\u00f3nico final despu\u00e9s de salvar todas las pruebas que el azar y los caprichos del destino le pusieron por delante.\n<\/p>\n<p class=\"article-body__text \">\n        Aquel d\u00eda, hist\u00f3rico, Arrieta, que se fue al suelo, se extravi\u00f3 y remont\u00f3 en el kil\u00f3metro final, dej\u00f3 constancia de su talla como ciclista. Bien pudo rendirse, pero eligi\u00f3 perseverar y resistir. Agitando la bandera del deseo y de la pasi\u00f3n, formaliz\u00f3 una victoria para siempre en Potenza, inolvidable el desenlace, repleto de emoci\u00f3n.\n<\/p>\n<p class=\"article-body__text \">\n        Con una victoria en la caja de caudales, Arrieta, en un gran estado de forma, no se desentendi\u00f3 de la carrera y protagoniz\u00f3 varias escapadas. Hasta lo intent\u00f3 camino de Piancavallo. Antes merodeo la victoria en Andalo, donde fue sexto tras otro ejercicio de superaci\u00f3n y ciclismo de calidad. Con la hoja de servicios del Giro, el<strong> Lidl <\/strong>ha puesto sus ojos en el navarro, que finaliza contrato con el UAE.\n<\/p>\n<p class=\"article-photo__footer\">\n            Markel Beloki, durante el Giro.            Markel Beloki        <\/p>\n<p>  Los destellos de Markel<\/p>\n<p class=\"article-body__text \">\n        En el escaparate tambi\u00e9n luce Markel Beloki. Tal como adelant\u00f3 este peri\u00f3dico en exclusiva, el gasteiztarra correr\u00e1 en el <strong>Ineos <\/strong>las pr\u00f3ximas campa\u00f1as. Queda por oficializar el fichaje por parte de la formaci\u00f3n brit\u00e1nica. El joven alav\u00e9s, de estreno en su primer Giro, dej\u00f3 constancia de su crecimiento.\n<\/p>\n<p class=\"article-body__text \">\n        Sus dos primeras semanas de competici\u00f3n en la cita italiana constataron el repunte de Markel Beloki, que estuvo entre los diez primeros de la general y siempre cerca de los mejores hasta que su organismo se resinti\u00f3 en Pila, el d\u00eda que Vingegaard alcanz\u00f3 el liderato. Hasta ese momento y desde el comienzo, el gasteiztarra expuso lo m\u00e1s brillante de su muestrario.\n<\/p>\n<p class=\"article-body__text \">\n        Atento, con capacidad de recuperaci\u00f3n y centrado en carrera, Markel beloki avanz\u00f3 con el poso de los veteranos durante las dos primeras semanas de competici\u00f3n. Mostr\u00f3 entereza y firmeza, cualidades extraordinarias para un ciclista que salt\u00f3 desde categor\u00eda juvenil al WorldTour. No le asust\u00f3 el reto a Markel Beloki en la carrera, que serv\u00eda como aprendizaje. Se comport\u00f3 como un maestro. Sobresaliente la puesta en escena de ambos en la carrera italiana. Un Giro dorado.<\/p>\n","protected":false},"excerpt":{"rendered":"Con la pena arrastras por la ausencia de Mikel Landa, que tuvo que renunciar al Giro de Italia&hellip;\n","protected":false},"author":2,"featured_media":581114,"comment_status":"","ping_status":"","sticky":false,"template":"","format":"standard","meta":{"footnotes":""},"categories":[273],"tags":[3405,313,312,168,11688,25,24,7957,3404,11810,23,167],"class_list":["post-581113","post","type-post","status-publish","format-standard","has-post-thumbnail","category-ciclismo","tag-arrieta","tag-ciclismo","tag-cycling","tag-deportes","tag-dorado","tag-es","tag-espana","tag-giro","tag-igor","tag-markel","tag-spain","tag-sports"],"share_on_mastodon":{"url":"https:\/\/pubeurope.com\/@es\/116670832622889459","error":""},"_links":{"self":[{"href":"https:\/\/www.europesays.com\/es\/wp-json\/wp\/v2\/posts\/581113","targetHints":{"allow":["GET"]}}],"collection":[{"href":"https:\/\/www.europesays.com\/es\/wp-json\/wp\/v2\/posts"}],"about":[{"href":"https:\/\/www.europesays.com\/es\/wp-json\/wp\/v2\/types\/post"}],"author":[{"embeddable":true,"href":"https:\/\/www.europesays.com\/es\/wp-json\/wp\/v2\/users\/2"}],"replies":[{"embeddable":true,"href":"https:\/\/www.europesays.com\/es\/wp-json\/wp\/v2\/comments?post=581113"}],"version-history":[{"count":0,"href":"https:\/\/www.europesays.com\/es\/wp-json\/wp\/v2\/posts\/581113\/revisions"}],"wp:featuredmedia":[{"embeddable":true,"href":"https:\/\/www.europesays.com\/es\/wp-json\/wp\/v2\/media\/581114"}],"wp:attachment":[{"href":"https:\/\/www.europesays.com\/es\/wp-json\/wp\/v2\/media?parent=581113"}],"wp:term":[{"taxonomy":"category","embeddable":true,"href":"https:\/\/www.europesays.com\/es\/wp-json\/wp\/v2\/categories?post=581113"},{"taxonomy":"post_tag","embeddable":true,"href":"https:\/\/www.europesays.com\/es\/wp-json\/wp\/v2\/tags?post=581113"}],"curies":[{"name":"wp","href":"https:\/\/api.w.org\/{rel}","templated":true}]}}