{"id":581208,"date":"2026-05-31T20:39:20","date_gmt":"2026-05-31T20:39:20","guid":{"rendered":"https:\/\/www.europesays.com\/es\/581208\/"},"modified":"2026-05-31T20:39:20","modified_gmt":"2026-05-31T20:39:20","slug":"nuria-roca-indignada-con-pipi-estrada-por-su-asalto-a-alejandra-rubio-como-reportero-de-fiesta-no-respeto-a-este-senor","status":"publish","type":"post","link":"https:\/\/www.europesays.com\/es\/581208\/","title":{"rendered":"Nuria Roca, indignada con Pipi Estrada por su asalto a Alejandra Rubio como reportero de &#8216;Fiesta&#8217;: \u00abNo respeto a este se\u00f1or\u00bb"},"content":{"rendered":"<p class=\"ft-text ft-helper-closenews\"><strong>Alejandra Rubio<\/strong> ha estado hoy en la Feria del Libro y ha recibido la visita de grandes pilares de su familia como su suegro <strong>Carlo Costanzia<\/strong>, su novio, su padre Alejandro Rubio y su madre, <strong>Terlu Campos<\/strong>. Pero la extelevisiva, tambi\u00e9n recibi\u00f3 la inesperada visita de <strong>Pipi Estrada<\/strong> como reportero de<strong> &#8216;Fiesta&#8217;,<\/strong> algo que <strong>Nuria Roca<\/strong> ha criticado desde <strong>&#8216;La roca&#8217;. <\/strong><\/p>\n<p class=\"ft-text\">En &#8216;La roca&#8217; han abordado la firma de libros de Alejandra Rubio, hasta que un detalle ha salido a luz y ha indignado a la presentadora: \u00abEs que a m\u00ed este se\u00f1or me parece&#8230;<strong>Yo es que no respeto a la gente que tiene faltas de respeto<\/strong> y la declaraci\u00f3n del otro d\u00eda de este se\u00f1or me pareci\u00f3 tan irrespetuosa y tan gratis&#8230;\u00bb, ha comentado molesta. <\/p>\n<p class=\"ft-text\">\u00ab\u00bfY entonces a qu\u00e9 ha ido?\u00bb, preguntaban desde el plat\u00f3. <strong>\u00abPues porque quiere pantalla\u00bb<\/strong>, ha sentenciado Nuria Roca. Sin embargo, en el programa de laSexta se ha pasado por alto un detalle importante para explicar el motivo de la visita de Pipi a la hija de Terelu Campos. <\/p>\n<p class=\"ft-text\">Y es que el colaborador de Telecinco ha sido enviado como reportero de &#8216;Fiesta&#8217; a la feria. Es decir, Estrada no acudi\u00f3 para buscar pantalla, sino que fue enviado por su programa para dirigirse al puesto de Alejandra Rubio. <\/p>\n<p class=\"ft-text\">En el v\u00eddeo mostrado por &#8216;Fiesta&#8217;, se vio como Pipi Estrada fue ignorado por completo por Terelu Campos, que no quiso contestarle ninguna pregunta. En cambio, su hija Alejandra s\u00ed lo atendi\u00f3 y se tom\u00f3 con humor que el colaborador apareciera con el libro de su suegra Mar Flores, que no ha acudido al puesto de la novia de su hijo. <\/p>\n<p class=\"ft-text\">Adem\u00e1s, Pipi compr\u00f3 un libro de Alejandra, que accedi\u00f3 con elegancia a firm\u00e1rselo con un dardo en su dedicatoria: <strong>\u00abJos\u00e9 Manuel, rectificar es de sabios\u00bb. <\/strong>Sobre este detalle tambi\u00e9n hablaron en &#8216;La roca&#8217; y su presentadora volvi\u00f3 a mostrar su rechazo hacia el colaborador de Telecinco: \u00abYo no hubiese tenido la sangre fr\u00eda de no reaccionar\u00bb, admiti\u00f3. <\/p>\n<p data-close=\"closedContent\" class=\"subscribeHideForDisplay\">Suscr\u00edbete para seguir leyendo<\/p>\n","protected":false},"excerpt":{"rendered":"Alejandra Rubio ha estado hoy en la Feria del Libro y ha recibido la visita de grandes pilares&hellip;\n","protected":false},"author":2,"featured_media":581209,"comment_status":"","ping_status":"","sticky":false,"template":"","format":"standard","meta":{"footnotes":""},"categories":[174],"tags":[7934,5617,255,146,147,25,24,27069,256,2328,62890,5079,1496,8015,4259,110714,30380,1048,14346,23,692],"class_list":["post-581208","post","type-post","status-publish","format-standard","has-post-thumbnail","category-famosos","tag-alejandra","tag-alejandra-rubio","tag-celebrities","tag-entertainment","tag-entretenimiento","tag-es","tag-espana","tag-estrada","tag-famosos","tag-fiesta","tag-indignada","tag-la-sexta","tag-libro","tag-nuria","tag-nuria-roca","tag-pipi","tag-reportero","tag-roca","tag-rubio","tag-spain","tag-telecinco"],"share_on_mastodon":{"url":"https:\/\/pubeurope.com\/@es\/116671123737906395","error":""},"_links":{"self":[{"href":"https:\/\/www.europesays.com\/es\/wp-json\/wp\/v2\/posts\/581208","targetHints":{"allow":["GET"]}}],"collection":[{"href":"https:\/\/www.europesays.com\/es\/wp-json\/wp\/v2\/posts"}],"about":[{"href":"https:\/\/www.europesays.com\/es\/wp-json\/wp\/v2\/types\/post"}],"author":[{"embeddable":true,"href":"https:\/\/www.europesays.com\/es\/wp-json\/wp\/v2\/users\/2"}],"replies":[{"embeddable":true,"href":"https:\/\/www.europesays.com\/es\/wp-json\/wp\/v2\/comments?post=581208"}],"version-history":[{"count":0,"href":"https:\/\/www.europesays.com\/es\/wp-json\/wp\/v2\/posts\/581208\/revisions"}],"wp:featuredmedia":[{"embeddable":true,"href":"https:\/\/www.europesays.com\/es\/wp-json\/wp\/v2\/media\/581209"}],"wp:attachment":[{"href":"https:\/\/www.europesays.com\/es\/wp-json\/wp\/v2\/media?parent=581208"}],"wp:term":[{"taxonomy":"category","embeddable":true,"href":"https:\/\/www.europesays.com\/es\/wp-json\/wp\/v2\/categories?post=581208"},{"taxonomy":"post_tag","embeddable":true,"href":"https:\/\/www.europesays.com\/es\/wp-json\/wp\/v2\/tags?post=581208"}],"curies":[{"name":"wp","href":"https:\/\/api.w.org\/{rel}","templated":true}]}}