{"id":581210,"date":"2026-05-31T20:40:11","date_gmt":"2026-05-31T20:40:11","guid":{"rendered":"https:\/\/www.europesays.com\/es\/581210\/"},"modified":"2026-05-31T20:40:11","modified_gmt":"2026-05-31T20:40:11","slug":"la-lenta-agonia-de-las-ensenanzas-artisticas-publicas-en-cordoba-estas-profesiones-no-se-consideran-rentables","status":"publish","type":"post","link":"https:\/\/www.europesays.com\/es\/581210\/","title":{"rendered":"La lenta agon\u00eda de las ense\u00f1anzas art\u00edsticas p\u00fablicas en C\u00f3rdoba: \u00abEstas profesiones no se consideran rentables\u00bb"},"content":{"rendered":"<p class=\"article-text\">\n        En una de las paredes de la sala de exposiciones de la Escuela de Arte y Superior Dise\u00f1o Mateo Inurria de C\u00f3rdoba apenas cuelgan cinco proyectos finales. Cinco trabajos. Siete alumnos. Esa cifra resume el estado actual de los estudios de Fotograf\u00eda en este centro hist\u00f3rico, que durante a\u00f1os lleg\u00f3 a reunir promociones de m\u00e1s de treinta estudiantes y que hoy observa c\u00f3mo sus matr\u00edculas se reducen de forma lenta mientras crecen la incertidumbre y los recortes.\n    <\/p>\n<p class=\"article-text\">\n        \u201cMe he visto con el problema de que hab\u00eda muy poquito trabajo\u201d, explica a Cord\u00f3polis Luis Magari\u00f1o, profesor de Fotograf\u00eda, mientras nos pasea por la exposici\u00f3n de fin de curso que suele hacerse siempre en mayo con los trabajos de la promoci\u00f3n que abandon\u00f3 el centro el curso anterior. La de este ejercicio tiene truco: para llenar la sala han tenido que completar el espacio con ejercicios de alumnos actuales, todav\u00eda en proceso. \u201cAntes ten\u00eda dos grupos de m\u00e1s de quince alumnos cada uno. Una treintena por curso. Poco a poco se ha ido reduciendo hasta esto que ves\u201d, dice mientras se\u00f1ala los trabajos.\n    <\/p>\n","protected":false},"excerpt":{"rendered":"En una de las paredes de la sala de exposiciones de la Escuela de Arte y Superior Dise\u00f1o&hellip;\n","protected":false},"author":2,"featured_media":581211,"comment_status":"","ping_status":"","sticky":false,"template":"","format":"standard","meta":{"footnotes":""},"categories":[173],"tags":[8876,229,233,65474,231,230,110715,2760,232,234,65473,146,147,25,24,3251,689,63970,10694,69374,23],"class_list":["post-581210","post","type-post","status-publish","format-standard","has-post-thumbnail","category-arte-y-diseno","tag-agonia","tag-arte","tag-arte-y-diseno","tag-artisticas","tag-arts","tag-arts-and-design","tag-consideran","tag-cordoba","tag-design","tag-diseno","tag-ensenanzas","tag-entertainment","tag-entretenimiento","tag-es","tag-espana","tag-lenta","tag-no","tag-profesiones","tag-publicas","tag-rentables","tag-spain"],"share_on_mastodon":{"url":"https:\/\/pubeurope.com\/@es\/116671127461346788","error":""},"_links":{"self":[{"href":"https:\/\/www.europesays.com\/es\/wp-json\/wp\/v2\/posts\/581210","targetHints":{"allow":["GET"]}}],"collection":[{"href":"https:\/\/www.europesays.com\/es\/wp-json\/wp\/v2\/posts"}],"about":[{"href":"https:\/\/www.europesays.com\/es\/wp-json\/wp\/v2\/types\/post"}],"author":[{"embeddable":true,"href":"https:\/\/www.europesays.com\/es\/wp-json\/wp\/v2\/users\/2"}],"replies":[{"embeddable":true,"href":"https:\/\/www.europesays.com\/es\/wp-json\/wp\/v2\/comments?post=581210"}],"version-history":[{"count":0,"href":"https:\/\/www.europesays.com\/es\/wp-json\/wp\/v2\/posts\/581210\/revisions"}],"wp:featuredmedia":[{"embeddable":true,"href":"https:\/\/www.europesays.com\/es\/wp-json\/wp\/v2\/media\/581211"}],"wp:attachment":[{"href":"https:\/\/www.europesays.com\/es\/wp-json\/wp\/v2\/media?parent=581210"}],"wp:term":[{"taxonomy":"category","embeddable":true,"href":"https:\/\/www.europesays.com\/es\/wp-json\/wp\/v2\/categories?post=581210"},{"taxonomy":"post_tag","embeddable":true,"href":"https:\/\/www.europesays.com\/es\/wp-json\/wp\/v2\/tags?post=581210"}],"curies":[{"name":"wp","href":"https:\/\/api.w.org\/{rel}","templated":true}]}}