{"id":581347,"date":"2026-05-31T22:23:14","date_gmt":"2026-05-31T22:23:14","guid":{"rendered":"https:\/\/www.europesays.com\/es\/581347\/"},"modified":"2026-05-31T22:23:14","modified_gmt":"2026-05-31T22:23:14","slug":"una-colision-entre-dos-camiones-deja-dos-heridos-y-corta-la-a-92-en-ambos-sentidos","status":"publish","type":"post","link":"https:\/\/www.europesays.com\/es\/581347\/","title":{"rendered":"Una colisi\u00f3n entre dos camiones deja dos heridos y corta la A-92 en ambos sentidos"},"content":{"rendered":"<p style=\"\">Dos camiones han colisionado esta tarde en la A-92, a la altura del kil\u00f3metro 248, a la altura de la salida de \u00c1lfacar y  &#8230; al menos uno de ellos ha ardido. La A-92 est\u00e1 cortada en ambos sentidos desde las 20.31, seg\u00fan informa la Direcci\u00f3n General de Tr\u00e1fico en su visualizador de incidencias y hay dos personas heridas.<\/p>\n<p class=\"v-d-p\" style=\"\">El accidente ocurri\u00f3 cuando un cami\u00f3n colision\u00f3 por alcance con otro. El primero volc\u00f3, cruz\u00f3 la mediana, y se incendi\u00f3. Los propios conductores que circulaban por la autov\u00eda tuvieron que auxiliar al conductor del trailer, que ha resultado herido y ha requerido traslado hospitalario. El conductor del otro cami\u00f3n que ha recibido el golpe ha sufrido un ataque de ansiedad.<\/p>\n<p class=\"v-d-p\" style=\"\"> Hasta el lugar del suceso se ha desplazado la dotaci\u00f3n completa del Parque Norte de Bomberos de Granada, con once bomberos y varios veh\u00edculos de extinci\u00f3n, entre ellos uno especializado en accidentes de tr\u00e1fico de veh\u00edculos pesados. Han sofocado las llamas del cami\u00f3n y tambi\u00e9n de los restos que han ca\u00eddo al vial inferior de la autov\u00eda.<\/p>\n<p class=\"v-d-p\" style=\"\">El siniestro ha provocado retenciones de hasta cinco kil\u00f3metros en ambos sentidos y los veh\u00edculos han sido desviados por la Guardia Civil hacia las salidas m\u00e1s cercanas. <\/p>\n<p class=\"v-d-p\" style=\"\">Adem\u00e1s, los restos que han ca\u00eddo desde este fuego de la A-92 tambi\u00e9n ha provoado un incendio en la carretera de Pulianas que ha tenido que ser sofocado.<\/p>\n<p class=\"v-d-p\" style=\"\">Efectivos de Bomberos de Granada se han trasladado hasta el lugar de los hechos, donde tambi\u00e9n est\u00e1n actuando operativos de la Guardia Civil de Tr\u00e1fico.<\/p>\n<p class=\"v-d-p\" style=\"\">El aparatoso accidente ha provocado gran inquietud por las llamas y el humo que sal\u00eda de uno de los veh\u00edculos pesados.<\/p>\n<p class=\"v-d-p\" style=\"\">Seg\u00fan informa Protecci\u00f3n Civil a trav\u00e9s de su cuenta de X no hay personas atrapadas, pero los agentes contin\u00faan trabajando en el lugar. Uno de los camiones siniestrados trasladaba animales que han quedado en mitad de la calzada. <\/p>\n","protected":false},"excerpt":{"rendered":"Dos camiones han colisionado esta tarde en la A-92, a la altura del kil\u00f3metro 248, a la altura&hellip;\n","protected":false},"author":2,"featured_media":581348,"comment_status":"","ping_status":"","sticky":false,"template":"","format":"standard","meta":{"footnotes":""},"categories":[8],"tags":[41616,110729,2513,17,18,34047,20156,4708,1563,25,24,13,14,11,19,20,9,10,15,16,42161,23,12,21,22],"class_list":["post-581347","post","type-post","status-publish","format-standard","has-post-thumbnail","category-espana","tag-a92","tag-alfacar","tag-altura","tag-breaking-news","tag-breakingnews","tag-camiones","tag-colision","tag-corta","tag-dos","tag-es","tag-espana","tag-featured-news","tag-featurednews","tag-headlines","tag-latest-news","tag-latestnews","tag-news","tag-noticias","tag-noticias-destacadas","tag-noticiasdestacadas","tag-sentidos","tag-spain","tag-titulares","tag-ultimas-noticias","tag-ultimasnoticias"],"share_on_mastodon":{"url":"https:\/\/pubeurope.com\/@es\/116671532519198720","error":""},"_links":{"self":[{"href":"https:\/\/www.europesays.com\/es\/wp-json\/wp\/v2\/posts\/581347","targetHints":{"allow":["GET"]}}],"collection":[{"href":"https:\/\/www.europesays.com\/es\/wp-json\/wp\/v2\/posts"}],"about":[{"href":"https:\/\/www.europesays.com\/es\/wp-json\/wp\/v2\/types\/post"}],"author":[{"embeddable":true,"href":"https:\/\/www.europesays.com\/es\/wp-json\/wp\/v2\/users\/2"}],"replies":[{"embeddable":true,"href":"https:\/\/www.europesays.com\/es\/wp-json\/wp\/v2\/comments?post=581347"}],"version-history":[{"count":0,"href":"https:\/\/www.europesays.com\/es\/wp-json\/wp\/v2\/posts\/581347\/revisions"}],"wp:featuredmedia":[{"embeddable":true,"href":"https:\/\/www.europesays.com\/es\/wp-json\/wp\/v2\/media\/581348"}],"wp:attachment":[{"href":"https:\/\/www.europesays.com\/es\/wp-json\/wp\/v2\/media?parent=581347"}],"wp:term":[{"taxonomy":"category","embeddable":true,"href":"https:\/\/www.europesays.com\/es\/wp-json\/wp\/v2\/categories?post=581347"},{"taxonomy":"post_tag","embeddable":true,"href":"https:\/\/www.europesays.com\/es\/wp-json\/wp\/v2\/tags?post=581347"}],"curies":[{"name":"wp","href":"https:\/\/api.w.org\/{rel}","templated":true}]}}