{"id":581460,"date":"2026-06-01T00:05:17","date_gmt":"2026-06-01T00:05:17","guid":{"rendered":"https:\/\/www.europesays.com\/es\/581460\/"},"modified":"2026-06-01T00:05:17","modified_gmt":"2026-06-01T00:05:17","slug":"primer-dia-de-ibai-gomez-vio-por-television-el-real-zaragoza-malaga","status":"publish","type":"post","link":"https:\/\/www.europesays.com\/es\/581460\/","title":{"rendered":"&#8216;Primer d\u00eda&#8217; de Ibai G\u00f3mez: vio por televisi\u00f3n el Real Zaragoza-M\u00e1laga"},"content":{"rendered":"<p class=\"ft-text\"><strong>Ibai G\u00f3mez, pr\u00f3ximo entrenador del Real Zaragoza<\/strong> aunque todav\u00eda el club no ha anunciado su llegada de forma oficial pese a que ya fue cazado en la Ciudad Deportiva, comprob\u00f3 de primera mano la cantidad de trabajo que tiene de cara a la temporada que viene para reflotar a un equipo que terminado roto, muerto, descosido, carente de nivel y descendiendo como merece, como colista.<\/p>\n<p class=\"ft-text\"><strong>El preparador vasco subi\u00f3 una historia a Instagram compartida de otra cuenta presenciando por televisi\u00f3n la derrota de su pr\u00f3ximo equipo<\/strong> contra el M\u00e1laga en el Ibercaja Estadio en otro partido indigno que le servir\u00e1 para seguir comprobando que <strong>pocos o muy pocos jugadores de la actual plantilla le servir\u00e1n para el pr\u00f3ximo curso en Primera RFEF. <\/strong><\/p>\n","protected":false},"excerpt":{"rendered":"Ibai G\u00f3mez, pr\u00f3ximo entrenador del Real Zaragoza aunque todav\u00eda el club no ha anunciado su llegada de forma&hellip;\n","protected":false},"author":2,"featured_media":581461,"comment_status":"","ping_status":"","sticky":false,"template":"","format":"standard","meta":{"footnotes":""},"categories":[268],"tags":[1798,168,978,25,24,280,282,4190,3659,3855,977,799,281,23,167,807,23337],"class_list":["post-581460","post","type-post","status-publish","format-standard","has-post-thumbnail","category-futbol","tag-club","tag-deportes","tag-dia","tag-es","tag-espana","tag-football","tag-futbol","tag-gomez","tag-ibai","tag-malaga","tag-primer","tag-real-zaragoza","tag-soccer","tag-spain","tag-sports","tag-television","tag-vio"],"share_on_mastodon":{"url":"https:\/\/pubeurope.com\/@es\/116671933778179016","error":""},"_links":{"self":[{"href":"https:\/\/www.europesays.com\/es\/wp-json\/wp\/v2\/posts\/581460","targetHints":{"allow":["GET"]}}],"collection":[{"href":"https:\/\/www.europesays.com\/es\/wp-json\/wp\/v2\/posts"}],"about":[{"href":"https:\/\/www.europesays.com\/es\/wp-json\/wp\/v2\/types\/post"}],"author":[{"embeddable":true,"href":"https:\/\/www.europesays.com\/es\/wp-json\/wp\/v2\/users\/2"}],"replies":[{"embeddable":true,"href":"https:\/\/www.europesays.com\/es\/wp-json\/wp\/v2\/comments?post=581460"}],"version-history":[{"count":0,"href":"https:\/\/www.europesays.com\/es\/wp-json\/wp\/v2\/posts\/581460\/revisions"}],"wp:featuredmedia":[{"embeddable":true,"href":"https:\/\/www.europesays.com\/es\/wp-json\/wp\/v2\/media\/581461"}],"wp:attachment":[{"href":"https:\/\/www.europesays.com\/es\/wp-json\/wp\/v2\/media?parent=581460"}],"wp:term":[{"taxonomy":"category","embeddable":true,"href":"https:\/\/www.europesays.com\/es\/wp-json\/wp\/v2\/categories?post=581460"},{"taxonomy":"post_tag","embeddable":true,"href":"https:\/\/www.europesays.com\/es\/wp-json\/wp\/v2\/tags?post=581460"}],"curies":[{"name":"wp","href":"https:\/\/api.w.org\/{rel}","templated":true}]}}