{"id":581506,"date":"2026-06-01T00:41:18","date_gmt":"2026-06-01T00:41:18","guid":{"rendered":"https:\/\/www.europesays.com\/es\/581506\/"},"modified":"2026-06-01T00:41:18","modified_gmt":"2026-06-01T00:41:18","slug":"un-avion-con-destino-a-espana-regresa-a-ee-uu-por-la-alarma-que-genero-un-pasajero-adolescente-al-llamar-bomba-a-su-dispositivo-bluetooth-la-voz-de-galicia","status":"publish","type":"post","link":"https:\/\/www.europesays.com\/es\/581506\/","title":{"rendered":"Un avi\u00f3n con destino a Espa\u00f1a regresa a EE.UU. por la alarma que gener\u00f3 un pasajero adolescente al llamar \u00abbomba\u00bb a su dispositivo Bluetooth &#8211; La Voz de Galicia"},"content":{"rendered":"<ol>\n<li><a href=\"https:\/\/news.google.com\/rss\/articles\/CBMinwJBVV95cUxOZlJ1V20wOXhuMW9rOTlfZzZGNTVUMnZJNng1SVVycGFJQ1d4dWNuN0sxUV91bEZseFpITFRFNWxuZkNCSDJTaVBhQS1HejVudFdCdXNmN2pYT1dfcElRdV9Ec0htTVdXQmhPd3pqTHNJYzFzaWlINTZLcG9NSGNvcWFOc25kMHplU2dVeFVUY2x4TWlfZ3U3ejZ5QXVkSXJKV1VDdHpIdWNVZUZuLXZQY2NRSmtsWVhmS3pSYVdrY09CNmozRnpZTU93cXpnR0xycDM2dUxJXzJvVWdJaElaZ3duZU5fUDlueHhsUnV0X1FxSy1sbFZCZXRUQ0JZZ2RKMmhuYlRrRXNCc25ndEpFSE5fWjdkYmp4eENJaXJmb9IBuwJBVV95cUxOYk01SElhOGhiRUFaZWNzZlJkOGxjR2hzVll4NDh3ZEJENFNVTnJsZWg2ZlQyOEpWNDhUVzhGeFRrNlFvcFh1MlJ5XzUtQm53WjB3ZXA1bWNVMjJJcUpEbkp5WklwQ0hnbXB5U21iT29samJ3alM5clJ4V2xnMi1CWmh3Q2VrRzNBVnNUYlg0Z0ZnbVZ1bUVyR3hWLW4tRExseWlxUWpFN292ZzZIdVcxc2VFVjZIQklUeTA2Nlc0alIxdjFiUHo2cllFd3Y5NUdhZmRsMFU4djBGb0tSZzBqRlFJbjRGZUVIZElxdF84QWdSeUZULWh3cjJpTzdTdm5KbFVRdy15b2RWSWNPbFFLUmFJTzN6d3A5MVp5WEdKSGdFVUQyMEFGR3dCeHVGQ194NzBSZ2ViaUJ5REE?oc=5\" target=\"_blank\" rel=\"nofollow noopener\">Un avi\u00f3n con destino a Espa\u00f1a regresa a EE.UU. por la alarma que gener\u00f3 un pasajero adolescente al llamar \u00abbomba\u00bb a su dispositivo Bluetooth<\/a>&nbsp;&nbsp;La Voz de Galicia<\/li>\n<li><a href=\"https:\/\/news.google.com\/rss\/articles\/CBMiywFBVV95cUxNZDcxVzVUa2MwT2ZFVi1BMndOdEtHeWVUQzE5QlYzUGpnRDY1SUdLaHlId25DTE1XbjJYNEk2ck44dW03YVctQ2xHWWRjZng5REhQTmk2WnZCbDB4SHhuMHhNcms4UFRqdERNd2xrMlhiUkU0RWhEYmhxMkoxSlpGaTNfMWhmRGc2czlyTjJVNTRON19tVHBhNE5Wc2drMnZ5NmFpdTNuMl9WaVZlWENCVWdHaGx1VElodWo4Qmk3ZTRzbm1Bbl83RGVwUdIB0AFBVV95cUxQSW5mWEI4Q1gzeFNZRlJZekR3NldzR2JfUHpIbVVtLWd6d1VwZG91dXVpMklmeWUyN2pMYjFrZDdzUEoyemE1cGw4VFhXb1BJaTlrUk5SSzNZYl9zZHhnUi1maC1sOHNETVF4M2dFMlZhaERUNTRGSEJhdnVyVjViQjZUVHducThWQ29nUHFhcXdpeHgwVFhiekViOWlObHV4aUlsWUdicUpNN3BleHVEMDJZenpnMDkweUVWaThXWmgwS3U1LXFFR1RGNDVVblhI?oc=5\" target=\"_blank\" rel=\"nofollow noopener\">Un avi\u00f3n con destino a Espa\u00f1a regresa a EE.UU. por un dispositivo Bluetooth llamado &#8216;bomba&#8217;<\/a>&nbsp;&nbsp;La Vanguardia<\/li>\n<li><a href=\"https:\/\/news.google.com\/rss\/articles\/CBMivgFBVV95cUxNUlRUakd5NlZ0M1phNkNlWTdZaE01QlQwOEtucUxVWjhkZnFKVjdzbjdWVllETThMZE83X0x6LUZTVkVDTnRVSFpyWmRtUGdXZFk2dE5uREtmRjlLWkg0aEx2MWhOVkRvTUtVekltR3pHcFZRRTdBTktIaEdwYi1QRTlxRVQ0Rk94NG5YRzFjaTVzRGpmSDlibXA5eDgtUWtrdXotd01aSEJ4VzVGTGhxRy1ZRG50azJDeGt0WHdR?oc=5\" target=\"_blank\" rel=\"nofollow noopener\">Un avi\u00f3n con destino a Espa\u00f1a vuelve a EEUU por un dispositivo Bluetooth llamado &#8216;bomba&#8217;<\/a>&nbsp;&nbsp;elDiario.es<\/li>\n<li><a href=\"https:\/\/news.google.com\/rss\/articles\/CBMiogFBVV95cUxPWWpXOXVWLVkyZGRUYXFGS0tFUDR1ZE8wQWRwZEFtR2lub1hPWE02Qk5zcE1kNUxtV2RqWDVFV0dkdFNXR2ZOVDZjVWstR0tSdEtkQTA1NEJjcDRCN0xkSnZrZHJ1MEVwbkZiekxyZkFtZ3JKVUV4alg4ZXgzVWFCbXRXTlA3cG5mNm5Bd3BaNTdRc3NlbDgzaUVWWDd6QlVDaWc?oc=5\" target=\"_blank\" rel=\"nofollow noopener\">Un avi\u00f3n con destino a Espa\u00f1a regresa a EEUU por un dispositivo Bluetooth llamado &#8216;bomba&#8217;<\/a>&nbsp;&nbsp;El Confidencial<\/li>\n<li><a href=\"https:\/\/news.google.com\/rss\/articles\/CBMifEFVX3lxTFBXZ04xeE44MWRzQ192T0lRdGVBR3dfSHR2dHR6XzR4MlhfWlhISlZWeUlidERLQXZOVl9xWlBuU3lpZlR1M1dlQVhjSDhvZklRM2FGUl9mZk1xZUxVUWh1TE9nQWphSHI0NU0yckd0VDkxZ0RHUTdpZ1F5clHSAXxBVV95cUxOY0d1b1hrUF9UN2tHQ3dSLThpaVJyQmNfbkhjYVh6SF9xdGNQODZBX2NiWWNCdmJxRDM4eGJ2T09aRWlYWmd0aDhVYXJBc2tsTXRRV3BVRXpudnQwc0ZuRXowLTJXTTY3UUlvcFNLejMwbHpNX0haUU9xWFBH?oc=5\" target=\"_blank\" rel=\"nofollow noopener\">Un avi\u00f3n con destino a Mallorca vuelve a Estados Unidos por un dispositivo Bluetooth llamado &#8216;bomba&#8217;<\/a>&nbsp;&nbsp;El Mundo<\/li>\n<\/ol>\n","protected":false},"excerpt":{"rendered":"Un avi\u00f3n con destino a Espa\u00f1a regresa a EE.UU. por la alarma que gener\u00f3 un pasajero adolescente al&hellip;\n","protected":false},"author":2,"featured_media":581507,"comment_status":"","ping_status":"","sticky":false,"template":"","format":"standard","meta":{"footnotes":""},"categories":[8],"tags":[7160,1161,17,18,4331,25,24,13,14,11,19,20,2457,9,10,15,16,23,12,589,21,22],"class_list":["post-581506","post","type-post","status-publish","format-standard","has-post-thumbnail","category-espana","tag-aerolineas","tag-aeropuertos","tag-breaking-news","tag-breakingnews","tag-ee-uu","tag-es","tag-espana","tag-featured-news","tag-featurednews","tag-headlines","tag-latest-news","tag-latestnews","tag-mallorca","tag-news","tag-noticias","tag-noticias-destacadas","tag-noticiasdestacadas","tag-spain","tag-titulares","tag-trafico","tag-ultimas-noticias","tag-ultimasnoticias"],"share_on_mastodon":{"url":"https:\/\/pubeurope.com\/@es\/116672075344011411","error":""},"_links":{"self":[{"href":"https:\/\/www.europesays.com\/es\/wp-json\/wp\/v2\/posts\/581506","targetHints":{"allow":["GET"]}}],"collection":[{"href":"https:\/\/www.europesays.com\/es\/wp-json\/wp\/v2\/posts"}],"about":[{"href":"https:\/\/www.europesays.com\/es\/wp-json\/wp\/v2\/types\/post"}],"author":[{"embeddable":true,"href":"https:\/\/www.europesays.com\/es\/wp-json\/wp\/v2\/users\/2"}],"replies":[{"embeddable":true,"href":"https:\/\/www.europesays.com\/es\/wp-json\/wp\/v2\/comments?post=581506"}],"version-history":[{"count":0,"href":"https:\/\/www.europesays.com\/es\/wp-json\/wp\/v2\/posts\/581506\/revisions"}],"wp:featuredmedia":[{"embeddable":true,"href":"https:\/\/www.europesays.com\/es\/wp-json\/wp\/v2\/media\/581507"}],"wp:attachment":[{"href":"https:\/\/www.europesays.com\/es\/wp-json\/wp\/v2\/media?parent=581506"}],"wp:term":[{"taxonomy":"category","embeddable":true,"href":"https:\/\/www.europesays.com\/es\/wp-json\/wp\/v2\/categories?post=581506"},{"taxonomy":"post_tag","embeddable":true,"href":"https:\/\/www.europesays.com\/es\/wp-json\/wp\/v2\/tags?post=581506"}],"curies":[{"name":"wp","href":"https:\/\/api.w.org\/{rel}","templated":true}]}}