{"id":58187,"date":"2025-08-19T15:31:08","date_gmt":"2025-08-19T15:31:08","guid":{"rendered":"https:\/\/www.europesays.com\/es\/58187\/"},"modified":"2025-08-19T15:31:08","modified_gmt":"2025-08-19T15:31:08","slug":"los-fotografos-defienden-la-mirada-humana-frente-a-la-ia","status":"publish","type":"post","link":"https:\/\/www.europesays.com\/es\/58187\/","title":{"rendered":"los fot\u00f3grafos defienden la mirada humana frente a la IA"},"content":{"rendered":"\n<p> En una era donde miles de im\u00e1genes se crean y comparten a diario, empieza a abrirse paso una verdad: <strong>las personas conectan m\u00e1s con las im\u00e1genes reales<\/strong>, creadas por otros seres humanos. Seg\u00fan un estudio de la plataforma de investigaci\u00f3n creativa VisualGPS de iStock, el 90% de los consumidores quiere saber si una imagen fue creada con IA, y casi la mitad afirma que no comprar\u00eda a marcas que usen contenido visual generado artificialmente, salvo que se haga de forma \u00e9tica y transparente. <\/p>\n<p> Ante esta realidad, <a href=\"https:\/\/afpe.pro\/noticias\/la-asociacion-de-fotografos-profesionales-de-espana-lanza-una-campana-para-defender-la-autenticidad-de-la-fotografia-humana\/\" target=\"_blank\" rel=\"nofollow noopener\">la Asociaci\u00f3n de Fot\u00f3grafos Profesionales de Espa\u00f1a (AFPE)<\/a> lanza la campa\u00f1a #MiradasHumanas, una iniciativa que busca <strong>reivindicar la autenticidad del contenido <\/strong>generado por personas reales. Eva Casado, presidenta de la AFPE, asegura que \u201cla fotograf\u00eda no es solamente t\u00e9cnica, tambi\u00e9n es mirada. Y eso no puede superarlo ninguna inteligencia artificial\u201d. <\/p>\n<p class=\"bodyObject bodyBlockquote\">\u00abLa fotograf\u00eda no es solamente t\u00e9cnica, tambi\u00e9n es mirada. Y eso no puede superarlo ninguna inteligencia artificial\u00bb<\/p>\n<p> Respecto a la pol\u00e9mica de utilizar modelos generadas por IA, Casado es contundente: \u201cDesde la [afpe] hemos detectado que en el sector de la publicidad y editorial se est\u00e1 prescindiendo de las producciones fotogr\u00e1ficas y sustituyendo las fotograf\u00edas por im\u00e1genes realizadas en su totalidad con Inteligencia Artificial\u201d. La revista Vogue, por ejemplo, desat\u00f3 recientemente una gran pol\u00e9mica ya que, por primera vez,<strong> cre\u00f3 una campa\u00f1a de una modelo creada con Inteligencia Artificial <\/strong>este verano y \u201cmuchas de las empresas que est\u00e1n haciendo este tipo de campa\u00f1as con Inteligencia Artificial se excusan en que es m\u00e1s ecol\u00f3gico, sin embargo, no est\u00e1 claro que sea as\u00ed y se <strong>est\u00e1n destruyendo una gran cantidad de empleos<\/strong> ya que en una sesi\u00f3n como la que public\u00f3 Vogue, no solo es la fot\u00f3grafa o fot\u00f3grafo quien est\u00e1 detr\u00e1s de la obra, hay un equipo enorme detr\u00e1s. Pero, adem\u00e1s, la imagen realizada no es que fuera una imagen imposible de hacer por una fot\u00f3grafa o fot\u00f3grafo, no, es una imagen sencilla sin ning\u00fan valor innovador, se trata de la imagen de una mujer cauc\u00e1sica, rubia, con ojos claros, posando a c\u00e1mara sin un valor art\u00edstico a\u00f1adido. Porque<strong> la Inteligencia Artificial en s\u00ed no puede innovar<\/strong> y, aunque sirva como apoyo, necesita de esa mirada humana, que es lo que desde la Asociaci\u00f3n reivindicamos\u201d concluye la presidenta de la AFPE. <\/p>\n<p> Estudios recientes confirman que <strong>el contenido artificial falla a la hora de generar conexi\u00f3n emocional<\/strong> con quien lo observa. Una investigaci\u00f3n realizada por Johnathon Hall y Damian Schofield de la State University of New York muestra que los espectadores siguen atribuyendo mayor valor emocional, originalidad y conexi\u00f3n humana al arte visual producido por personas reales, incluso sin conocer su verdadero origen. En palabras de Eva Casado: \u201cLas im\u00e1genes reales generan emociones reales. La inteligencia artificial puede imitar, pero no sentir. Y eso lo nota el espectador\u201d. <\/p>\n<p>              Campa\u00f1a #MiradasHumanas, de Javier Mart\u00edn Parejo             <\/p>\n<p> As\u00ed lo constata un estudio realizado por el consultor de marketing digital Joe Youngblood, con m\u00e1s de 4.000 participantes de diferentes edades, que concluy\u00f3 que casi <strong>el 30% de los participantes rechazaba activamente el contenido artificial <\/strong>en contextos donde se esperaba autenticidad visual. Este giro hacia lo real no es exclusivo de los usuarios. Plataformas como YouTube han empezado a desmonetizar v\u00eddeos que incluyan contenido generado con IA, marc\u00e1ndolos como inaut\u00e9nticos. La decisi\u00f3n busca mejorar la experiencia del usuario ante la producci\u00f3n en masa de contenido automatizado, repetitivo o carente de aporte personal. <\/p>\n<p> A nivel legislativo, <strong>Dinamarca est\u00e1 impulsando una ley para proteger con copyright los rostros y voces <\/strong>de sus ciudadanos, una medida pensada para frenar los deepfakes y proteger la identidad personal. Todo apunta a un cambio de paradigma: la necesidad de garantizar que lo que vemos y escuchamos tenga un origen humano, leg\u00edtimo y verificable. <\/p>\n<p>              Campa\u00f1a #MiradasHumanas, de Ricardo Espinosa             <\/p>\n<p> Con la campa\u00f1a #MiradaHumana, la asociaci\u00f3n invita a la sociedad, a los medios e instituciones a valorar y apostar por el contenido real. \u201cNo se trata de rechazar la tecnolog\u00eda, sino de recordar que d<strong>etr\u00e1s de cada imagen hay una intenci\u00f3n, una historia y una sensibilidad<\/strong> que solo un profesional de la fotograf\u00eda puede captar\u201d, concluye la presidenta. <\/p>\n<p> En una era donde miles de im\u00e1genes se crean y comparten a diario, empieza a abrirse paso una verdad: <strong>las personas conectan m\u00e1s con las im\u00e1genes reales<\/strong>, creadas por otros seres humanos. Seg\u00fan un estudio de la plataforma de investigaci\u00f3n creativa VisualGPS de iStock, el 90% de los consumidores quiere saber si una imagen fue creada con IA, y casi la mitad afirma que no comprar\u00eda a marcas que usen contenido visual generado artificialmente, salvo que se haga de forma \u00e9tica y transparente. <\/p>\n","protected":false},"excerpt":{"rendered":"En una era donde miles de im\u00e1genes se crean y comparten a diario, empieza a abrirse paso una&hellip;\n","protected":false},"author":2,"featured_media":58188,"comment_status":"","ping_status":"","sticky":false,"template":"","format":"standard","meta":{"footnotes":""},"categories":[173],"tags":[229,233,231,230,232,234,146,147,25,24,23],"class_list":{"0":"post-58187","1":"post","2":"type-post","3":"status-publish","4":"format-standard","5":"has-post-thumbnail","7":"category-arte-y-diseno","8":"tag-arte","9":"tag-arte-y-diseno","10":"tag-arts","11":"tag-arts-and-design","12":"tag-design","13":"tag-diseno","14":"tag-entertainment","15":"tag-entretenimiento","16":"tag-es","17":"tag-espana","18":"tag-spain"},"share_on_mastodon":{"url":"","error":""},"_links":{"self":[{"href":"https:\/\/www.europesays.com\/es\/wp-json\/wp\/v2\/posts\/58187","targetHints":{"allow":["GET"]}}],"collection":[{"href":"https:\/\/www.europesays.com\/es\/wp-json\/wp\/v2\/posts"}],"about":[{"href":"https:\/\/www.europesays.com\/es\/wp-json\/wp\/v2\/types\/post"}],"author":[{"embeddable":true,"href":"https:\/\/www.europesays.com\/es\/wp-json\/wp\/v2\/users\/2"}],"replies":[{"embeddable":true,"href":"https:\/\/www.europesays.com\/es\/wp-json\/wp\/v2\/comments?post=58187"}],"version-history":[{"count":0,"href":"https:\/\/www.europesays.com\/es\/wp-json\/wp\/v2\/posts\/58187\/revisions"}],"wp:featuredmedia":[{"embeddable":true,"href":"https:\/\/www.europesays.com\/es\/wp-json\/wp\/v2\/media\/58188"}],"wp:attachment":[{"href":"https:\/\/www.europesays.com\/es\/wp-json\/wp\/v2\/media?parent=58187"}],"wp:term":[{"taxonomy":"category","embeddable":true,"href":"https:\/\/www.europesays.com\/es\/wp-json\/wp\/v2\/categories?post=58187"},{"taxonomy":"post_tag","embeddable":true,"href":"https:\/\/www.europesays.com\/es\/wp-json\/wp\/v2\/tags?post=58187"}],"curies":[{"name":"wp","href":"https:\/\/api.w.org\/{rel}","templated":true}]}}