{"id":581878,"date":"2026-06-01T06:46:12","date_gmt":"2026-06-01T06:46:12","guid":{"rendered":"https:\/\/www.europesays.com\/es\/581878\/"},"modified":"2026-06-01T06:46:12","modified_gmt":"2026-06-01T06:46:12","slug":"el-ministerio-de-igualdad-destino-al-grupo-prisa-el-65-de-su-publicidad-en-radio-en-2025","status":"publish","type":"post","link":"https:\/\/www.europesays.com\/es\/581878\/","title":{"rendered":"El Ministerio de Igualdad destin\u00f3 al grupo Prisa el 65% de su publicidad en radio en 2025"},"content":{"rendered":"<p>La <strong><a href=\"https:\/\/theobjective.com\/espana\/politica\/2026-05-04\/oscar-puente-publicidad-radio-prisa-2025\/\" rel=\"nofollow noopener\" target=\"_blank\">Cadena SER<\/a><\/strong> y su marca musical, <strong>LOS40<\/strong>, volvieron a ser las principales receptoras de la partida de publicidad institucional de un ministerio. En este caso, <a href=\"http:\/\/igualdad prisahttps:\/\/theobjective.com\/espana\/politica\/2026-04-11\/igualdad-publicidad-grupo-prisa\/\" rel=\"nofollow\">Igualdad <\/a>concentr\u00f3 durante el a\u00f1o 2025 en las emisoras de <strong><a href=\"https:\/\/theobjective.com\/etiqueta\/prisa\/\" type=\"post_tag\" id=\"539526\" rel=\"nofollow noopener\" target=\"_blank\">Prisa<\/a> 1.216.325 euros<\/strong> de una inversi\u00f3n total de <strong>1.883.088,38 que el Ministerio dedic\u00f3 a la radio<\/strong>, seg\u00fan reconoce la propia cartera de <a href=\"https:\/\/theobjective.com\/espana\/politica\/2026-05-13\/redondo-vodafone-contrato-pulseras-no-definitiva\/\" type=\"post\" id=\"4133645\" rel=\"nofollow noopener\" target=\"_blank\">Ana Redondo <\/a>en la documentaci\u00f3n oficial remitida a <a href=\"https:\/\/theobjective.com\" rel=\"nofollow noopener\" target=\"_blank\"><strong>THE OBJECTIVE<\/strong><\/a>. Los datos revelan que <strong>el 64,6% de esa partida<\/strong> acab\u00f3 en manos de este grupo medi\u00e1tico, pero de excluirse a las emisoras auton\u00f3micas (RAC1, Canal Sur Radio, Radio Euskadi y Radio Galega), este porcentaje aumenta al <strong>71,4%.<\/strong><\/p>\n<p>Dentro de esa partida, <strong>las emisoras de Prisa (Cadena SER y sus musicales) recibieron 605.278,06 euros<\/strong> de una partida total de <strong>1.006.716,30<\/strong> de la <strong>Delegaci\u00f3n del Gobierno contra la Violencia de G\u00e9nero<\/strong>, lo que supone un 60,1%. La Secretar\u00eda de Estado de Igualdad y para la <strong>Erradicaci\u00f3n de la Violencia contra las Mujeres<\/strong> destin\u00f3 a radio 582.063,68 euros a trav\u00e9s de sus tres campa\u00f1as institucionales de 2025, de las que el 70,5% fue tambi\u00e9n a las radios de Gran V\u00eda <strong>hasta sumar 410.478,28 euros.<\/strong><\/p>\n<p>La documentaci\u00f3n remitida a este medio desglosa los pagos por \u00f3rganos, donde tambi\u00e9n se observa que la <strong>Direcci\u00f3n General para la Igualdad de Trato y No Discriminaci\u00f3n y contra el Racismo<\/strong> destin\u00f3 149.510,35 euros a radio, de los que <strong>87.010,15 euros fueron a Cadena SER y las emisoras de LOS40<\/strong> <strong>(y Radiol\u00e9)<\/strong>. Por su parte, la Direcci\u00f3n General <strong>para la Igualdad Real y Efectiva de las Personas LGTBI+<\/strong> invirti\u00f3 144.798,05 euros en radiodifusi\u00f3n, de los que <strong>113.558,51 fueron para el Grupo Prisa.<\/strong><\/p>\n<p>Si se observan las cifras agregadas de todo el ministerio, la <strong>Cadena SER recibi\u00f3 641.558,81 euros netos y LOS40 (tambi\u00e9n su marca LOS40 Urban) otros 573.111,34 euros<\/strong>. La comparaci\u00f3n con sus principales competidores refleja una diferencia significativa, ya que las cadenas de radio del grupo Atresmedia \u2014Onda Cero y Europa FM\u2014 recibieron conjuntamente 170.054,69 euros. De ellos, <strong>90.201,95 euros correspondieron a Onda Cero y 79.852,74 euros a Europa FM<\/strong>. En t\u00e9rminos globales, Atresmedia concentr\u00f3 aproximadamente el 9% de toda la inversi\u00f3n radiof\u00f3nica del Ministerio de Igualdad. Las emisoras del grupo COPE obtuvieron una cantidad superior, <strong>393.655 euros en todo 2025 si se suman COPE, Cadena 100<\/strong>, Rock FM y Megastar FM.<\/p>\n<p>La informaci\u00f3n figura en una resoluci\u00f3n oficial emitida tras una solicitud de acceso a informaci\u00f3n p\u00fablica registrada el pasado abril, en la que este medio preguntaba a cu\u00e1nto ascendi\u00f3 la inversi\u00f3n publicitaria que el ministerio hizo en medios de comunicaci\u00f3n en el a\u00f1o 2025 y qu\u00e9 empresas se beneficiaron de esa inversi\u00f3n. A la misma, el ministerio, obligado por la ley de Transparencia de 2023, respondi\u00f3 aportando un desglose <strong>detallado por campa\u00f1as, medios y soportes publicitarios.<\/strong><\/p>\n<p>La publicidad de Igualdad en otros soportes<\/p>\n<p>El expediente remitido por Transparencia no se limita a la radio. Tambi\u00e9n refleja el dinero destinado a televisiones, prensa escrita y plataformas digitales. <strong>En televisi\u00f3n, por ejemplo, Atresmedia s\u00ed figura entre los principales beneficiarios.<\/strong> Antena 3, La Sexta, Neox y Multi Atresmedia \u2014Nova, Mega y Atreseries\u2014 aparecen de forma recurrente en pr\u00e1cticamente todas las campa\u00f1as institucionales promovidas por el Ministerio.<\/p>\n<p>La resoluci\u00f3n tambi\u00e9n especifica las fechas de difusi\u00f3n y las empresas adjudicatarias encargadas de gestionar las campa\u00f1as, como sucede en estos casos, ya que <strong>no son los ministerios quienes efect\u00faan el reparto de forma directa, sino que se valen de intermediarios<\/strong>. En varios casos aparece \u00abT2O ADMEDIA SERVICES, S.L.\u00bb como \u00abagencia ganadora de la licitaci\u00f3n\u00bb, mientras que en otras campa\u00f1as figura \u00abNOVA SAPIENS, S.L.\u00bb. Estas agencias fueron las encargadas de ejecutar posteriormente el reparto de publicidad entre medios y plataformas. Adem\u00e1s de los medios tradicionales, <strong>el ministerio destin\u00f3 importantes cantidades a gigantes tecnol\u00f3gicos y plataformas digitales \u2014Youtube, Spotify, Facebook, Instagram, TikTok, RTVE Play, Amazon, Movistar Plus+\u2026\u2014, como es habitual en la actualidad.<\/strong><\/p>\n","protected":false},"excerpt":{"rendered":"La Cadena SER y su marca musical, LOS40, volvieron a ser las principales receptoras de la partida de&hellip;\n","protected":false},"author":2,"featured_media":581879,"comment_status":"","ping_status":"","sticky":false,"template":"","format":"standard","meta":{"footnotes":""},"categories":[170],"tags":[6699,39485,146,147,25,24,3748,2178,43257,28384,184,185,6701,23],"class_list":["post-581878","post","type-post","status-publish","format-standard","has-post-thumbnail","category-musica","tag-cadena-ser","tag-dinero-publico","tag-entertainment","tag-entretenimiento","tag-es","tag-espana","tag-grupo-prisa","tag-igualdad","tag-igualdad-de-genero","tag-ministerio-de-igualdad","tag-music","tag-musica","tag-publicidad-institucional","tag-spain"],"share_on_mastodon":{"url":"https:\/\/pubeurope.com\/@es\/116673510687333906","error":""},"_links":{"self":[{"href":"https:\/\/www.europesays.com\/es\/wp-json\/wp\/v2\/posts\/581878","targetHints":{"allow":["GET"]}}],"collection":[{"href":"https:\/\/www.europesays.com\/es\/wp-json\/wp\/v2\/posts"}],"about":[{"href":"https:\/\/www.europesays.com\/es\/wp-json\/wp\/v2\/types\/post"}],"author":[{"embeddable":true,"href":"https:\/\/www.europesays.com\/es\/wp-json\/wp\/v2\/users\/2"}],"replies":[{"embeddable":true,"href":"https:\/\/www.europesays.com\/es\/wp-json\/wp\/v2\/comments?post=581878"}],"version-history":[{"count":0,"href":"https:\/\/www.europesays.com\/es\/wp-json\/wp\/v2\/posts\/581878\/revisions"}],"wp:featuredmedia":[{"embeddable":true,"href":"https:\/\/www.europesays.com\/es\/wp-json\/wp\/v2\/media\/581879"}],"wp:attachment":[{"href":"https:\/\/www.europesays.com\/es\/wp-json\/wp\/v2\/media?parent=581878"}],"wp:term":[{"taxonomy":"category","embeddable":true,"href":"https:\/\/www.europesays.com\/es\/wp-json\/wp\/v2\/categories?post=581878"},{"taxonomy":"post_tag","embeddable":true,"href":"https:\/\/www.europesays.com\/es\/wp-json\/wp\/v2\/tags?post=581878"}],"curies":[{"name":"wp","href":"https:\/\/api.w.org\/{rel}","templated":true}]}}