{"id":581918,"date":"2026-06-01T07:16:11","date_gmt":"2026-06-01T07:16:11","guid":{"rendered":"https:\/\/www.europesays.com\/es\/581918\/"},"modified":"2026-06-01T07:16:11","modified_gmt":"2026-06-01T07:16:11","slug":"la-justicia-de-paises-bajos-ejecuta-el-embargo-de-la-sede-del-instituto-cervantes-en-utrecht","status":"publish","type":"post","link":"https:\/\/www.europesays.com\/es\/581918\/","title":{"rendered":"La Justicia de Pa\u00edses Bajos ejecuta el embargo de la sede del Instituto Cervantes en Utrecht"},"content":{"rendered":"<p style=\"\">La Justicia de Pa\u00edses Bajos ha <a href=\"https:\/\/www.diariovasco.com\/economia\/tribunal-ordena-embargo-sede-instituto-cervantes-paises-20260428103313-ntrc.html\" target=\"_blank\" data-voc-vtm-id=\"in-text-traffic\" title=\"ejecutado el embargo de la sede del Instituto Cervantes\" rel=\"nofollow noopener\">ejecutado el embargo de la sede del Instituto Cervantes<\/a> en Utrecht, por el impago por parte de Espa\u00f1a  &#8230; de la compensaci\u00f3n decretada por un tribunal de arbitraje a un fondo de inversi\u00f3n afectado por el cambio en 2013 de la normativa de retribuci\u00f3n de energ\u00edas renovables. En concreto, la decisi\u00f3n est\u00e1 vinculada al impago de la deuda por el caso Eurus, filial de energ\u00eda renovables de Toyota. La medida, adoptada por la Justicia neerlandesa a instancias de los acreedores del Reino de Espa\u00f1a, ha quedado ya inscrita en el registro de la propiedad neerland\u00e9s.<\/p>\n<p class=\"v-d-p\" style=\"\">Los acreedores afectados han certificado la toma de posesi\u00f3n efectiva del inmueble, valorado en 10 millones de euros por su ubicaci\u00f3n como por las caracter\u00edsticas arquitect\u00f3nicas y patrimoniales del edificio, en el marco del procedimiento de embargo promovido para satisfacer las cantidades adeudadas por el Gobierno espa\u00f1ol y que supone un nuevo paso en el proceso de recuperaci\u00f3n de activos. <\/p>\n<p class=\"v-d-p\" style=\"\">El litigio obedece a las consecuencias del recorte retroactivo de las primas a las renovables que aplicaron los gobiernos de Jos\u00e9 Luis Rodr\u00edguez Zapatero y de Mariano Rajoy. Este cambio de las reglas de juego en la retribuci\u00f3n que recib\u00edan estas instalaciones durante su vida \u00fatil desemboc\u00f3 en una oleada de peticiones de arbitrajes de inversores ante diferentes organismos internacionales. <\/p>\n<p class=\"v-d-p\" style=\"\">La actuaci\u00f3n desarrollada en Pa\u00edses Bajos se suma a una creciente presi\u00f3n judicial internacional sobre Espa\u00f1a. Recientemente, la Administraci\u00f3n de EE UU recomend\u00f3 al Tribunal Supremo estadounidense que rechace la petici\u00f3n presentada por Espa\u00f1a para revisar las sentencias que reconocen aproximadamente 700 millones de d\u00f3lares en cr\u00e9ditos a favor de distintos acreedores. <\/p>\n<p class=\"v-d-p\" style=\"\">Si se confirma esta posici\u00f3n, quedar\u00edan definitivamente consolidadas varias resoluciones favorables a los inversores en territorio norteamericano. Asimismo, los acreedores han obtenido ya victorias judiciales en Reino Unido, Australia y Singapur, donde los tribunales han reafirmado la obligaci\u00f3n de Espa\u00f1a de cumplir con los laudos. En B\u00e9lgica permanecen consignados aproximadamente 250 millones de euros en cuentas judiciales vinculadas a procedimientos de ejecuci\u00f3n en curso.<\/p>\n","protected":false},"excerpt":{"rendered":"La Justicia de Pa\u00edses Bajos ha ejecutado el embargo de la sede del Instituto Cervantes en Utrecht, por&hellip;\n","protected":false},"author":2,"featured_media":581919,"comment_status":"","ping_status":"","sticky":false,"template":"","format":"standard","meta":{"footnotes":""},"categories":[42],"tags":[8524,17,18,36447,43645,7173,13,14,11,18487,61,62,63,64,2158,19,20,9,10,15,16,8523,4569,12,21,22,64297,65,66,67],"class_list":["post-581918","post","type-post","status-publish","format-standard","has-post-thumbnail","category-internacional","tag-bajos","tag-breaking-news","tag-breakingnews","tag-cervantes","tag-ejecuta","tag-embargo","tag-featured-news","tag-featurednews","tag-headlines","tag-instituto","tag-internacional","tag-international","tag-international-news","tag-internationalnews","tag-justicia","tag-latest-news","tag-latestnews","tag-news","tag-noticias","tag-noticias-destacadas","tag-noticiasdestacadas","tag-paises","tag-sede","tag-titulares","tag-ultimas-noticias","tag-ultimasnoticias","tag-utrecht","tag-world","tag-world-news","tag-worldnews"],"share_on_mastodon":{"url":"https:\/\/pubeurope.com\/@es\/116673628458335446","error":""},"_links":{"self":[{"href":"https:\/\/www.europesays.com\/es\/wp-json\/wp\/v2\/posts\/581918","targetHints":{"allow":["GET"]}}],"collection":[{"href":"https:\/\/www.europesays.com\/es\/wp-json\/wp\/v2\/posts"}],"about":[{"href":"https:\/\/www.europesays.com\/es\/wp-json\/wp\/v2\/types\/post"}],"author":[{"embeddable":true,"href":"https:\/\/www.europesays.com\/es\/wp-json\/wp\/v2\/users\/2"}],"replies":[{"embeddable":true,"href":"https:\/\/www.europesays.com\/es\/wp-json\/wp\/v2\/comments?post=581918"}],"version-history":[{"count":0,"href":"https:\/\/www.europesays.com\/es\/wp-json\/wp\/v2\/posts\/581918\/revisions"}],"wp:featuredmedia":[{"embeddable":true,"href":"https:\/\/www.europesays.com\/es\/wp-json\/wp\/v2\/media\/581919"}],"wp:attachment":[{"href":"https:\/\/www.europesays.com\/es\/wp-json\/wp\/v2\/media?parent=581918"}],"wp:term":[{"taxonomy":"category","embeddable":true,"href":"https:\/\/www.europesays.com\/es\/wp-json\/wp\/v2\/categories?post=581918"},{"taxonomy":"post_tag","embeddable":true,"href":"https:\/\/www.europesays.com\/es\/wp-json\/wp\/v2\/tags?post=581918"}],"curies":[{"name":"wp","href":"https:\/\/api.w.org\/{rel}","templated":true}]}}