{"id":582246,"date":"2026-06-01T11:31:12","date_gmt":"2026-06-01T11:31:12","guid":{"rendered":"https:\/\/www.europesays.com\/es\/582246\/"},"modified":"2026-06-01T11:31:12","modified_gmt":"2026-06-01T11:31:12","slug":"sally-field-protagoniza-dos-semanas-una-emotiva-historia-sobre-la-familia-la-reconciliacion-y-la-despedida","status":"publish","type":"post","link":"https:\/\/www.europesays.com\/es\/582246\/","title":{"rendered":"Sally Field protagoniza \u201cDos semanas\u201d, una emotiva historia sobre la familia, la reconciliaci\u00f3n y la despedida"},"content":{"rendered":"<p>                                                <img decoding=\"async\" loading=\"eager\" src=\"https:\/\/www.europesays.com\/es\/wp-content\/uploads\/2026\/06\/9d37e826-35ea-49db-8329-e80a5ed8478b_source-aspect-ratio_1600w_0.jpg\" alt=\"&quot;Dos semanas&quot;, Steve Stockman\" title=\"&quot;Dos semanas&quot;, Steve Stockman\" fetchpriority=\"high\" height=\"900\" width=\"1600\"\/><\/p>\n<p>                \u00abDos semanas\u00bb, Steve Stockman<\/p>\n<p class=\"paragraph-atom &#10;        A-500-300-700-N A-550-300-700-N--md  \">\n                    Canal Sur Televisi\u00f3n ofrece este martes, a las 00:55 horas, la pel\u00edcula <strong>\u201cDos semanas\u201d<\/strong>, una producci\u00f3n estadounidense de 2006 protagonizada por <strong>Sally Field<\/strong> que aborda con sensibilidad, humor y emoci\u00f3n los v\u00ednculos familiares en un momento especialmente delicado. Dirigida por <strong>Steve Stockman<\/strong>, la cinta se adentra en los \u00faltimos d\u00edas de vida de una madre aquejada por una enfermedad terminal y en su firme deseo de mantener unida a su familia hasta el final.\n            <\/p>\n<p class=\"paragraph-atom &#10;        A-500-300-700-N A-550-300-700-N--md  \">\n                    La pel\u00edcula supone el debut como director de Steve Stockman, conocido hasta entonces por su trayectoria como actor y guionista. Con un tono que oscila entre la comedia y el drama, el realizador construye una historia cercana y humana capaz de alternar momentos de ternura, reflexi\u00f3n y humor sin perder de vista la profundidad emocional de su argumento.\n            <\/p>\n<p class=\"paragraph-atom &#10;        A-500-300-700-N A-550-300-700-N--md  \">\n                    La trama comienza cuando cuatro hermanos regresan al hogar familiar al conocer el grave estado de salud de su madre. La convivencia forzada durante esas dos semanas har\u00e1 aflorar recuerdos, conflictos y diferencias acumuladas durante a\u00f1os, pero tambi\u00e9n abrir\u00e1 la puerta a la comprensi\u00f3n, el reencuentro y la reconciliaci\u00f3n. En medio de la incertidumbre y el dolor, la esperanza se convierte en el principal apoyo para afrontar la situaci\u00f3n.\n            <\/p>\n<p class=\"paragraph-atom &#10;        A-500-300-700-N A-550-300-700-N--md  \">\n                    Al frente del reparto se encuentra la veterana <strong>Sally Field<\/strong>, que ofrece una de las interpretaciones m\u00e1s conmovedoras de la pel\u00edcula. Junto a ella participan <strong>Ben Chaplin, Clea DuVall, Glenn Howerton, Julianne Nicholson y Tom Cavanagh<\/strong>, dando vida a una familia marcada por sus diferencias pero unida por los lazos afectivos que resurgen en los momentos m\u00e1s dif\u00edciles.\n            <\/p>\n<p>    Fecha de emisi\u00f3n<\/p>\n<p class=\"paragraph-atom &#10;        A-300-300-500-N  \">\n                    Martes, 2 de junio, a las 00:55 horas, en Canal Sur Televisi\u00f3n.\n            <\/p>\n","protected":false},"excerpt":{"rendered":"\u00abDos semanas\u00bb, Steve Stockman Canal Sur Televisi\u00f3n ofrece este martes, a las 00:55 horas, la pel\u00edcula \u201cDos semanas\u201d,&hellip;\n","protected":false},"author":2,"featured_media":582247,"comment_status":"","ping_status":"","sticky":false,"template":"","format":"standard","meta":{"footnotes":""},"categories":[169],"tags":[177,10187,146,147,25,24,5719,176,175,20521,110830,6756,23],"class_list":["post-582246","post","type-post","status-publish","format-standard","has-post-thumbnail","category-cine","tag-cine","tag-emotiva","tag-entertainment","tag-entretenimiento","tag-es","tag-espana","tag-field","tag-film","tag-movies","tag-protagoniza","tag-sally","tag-semanas","tag-spain"],"share_on_mastodon":{"url":"https:\/\/pubeurope.com\/@es\/116674631954179376","error":""},"_links":{"self":[{"href":"https:\/\/www.europesays.com\/es\/wp-json\/wp\/v2\/posts\/582246","targetHints":{"allow":["GET"]}}],"collection":[{"href":"https:\/\/www.europesays.com\/es\/wp-json\/wp\/v2\/posts"}],"about":[{"href":"https:\/\/www.europesays.com\/es\/wp-json\/wp\/v2\/types\/post"}],"author":[{"embeddable":true,"href":"https:\/\/www.europesays.com\/es\/wp-json\/wp\/v2\/users\/2"}],"replies":[{"embeddable":true,"href":"https:\/\/www.europesays.com\/es\/wp-json\/wp\/v2\/comments?post=582246"}],"version-history":[{"count":0,"href":"https:\/\/www.europesays.com\/es\/wp-json\/wp\/v2\/posts\/582246\/revisions"}],"wp:featuredmedia":[{"embeddable":true,"href":"https:\/\/www.europesays.com\/es\/wp-json\/wp\/v2\/media\/582247"}],"wp:attachment":[{"href":"https:\/\/www.europesays.com\/es\/wp-json\/wp\/v2\/media?parent=582246"}],"wp:term":[{"taxonomy":"category","embeddable":true,"href":"https:\/\/www.europesays.com\/es\/wp-json\/wp\/v2\/categories?post=582246"},{"taxonomy":"post_tag","embeddable":true,"href":"https:\/\/www.europesays.com\/es\/wp-json\/wp\/v2\/tags?post=582246"}],"curies":[{"name":"wp","href":"https:\/\/api.w.org\/{rel}","templated":true}]}}