{"id":582406,"date":"2026-06-01T13:30:14","date_gmt":"2026-06-01T13:30:14","guid":{"rendered":"https:\/\/www.europesays.com\/es\/582406\/"},"modified":"2026-06-01T13:30:14","modified_gmt":"2026-06-01T13:30:14","slug":"lasexta-avanza-un-especial-de-homo-zapping-con-anne-igartiburu-y-raquel-revuelta-en-anatomia-de","status":"publish","type":"post","link":"https:\/\/www.europesays.com\/es\/582406\/","title":{"rendered":"laSexta avanza un especial de &#8216;Homo Zapping&#8217; con Anne Igartiburu y Raquel Revuelta en &#8216;Anatom\u00eda de&#8217;"},"content":{"rendered":"<p class=\"article-text\">\n        La cuarta temporada de <strong>Anatom\u00eda de<\/strong> contin\u00faa en emisi\u00f3n, rescatando en <strong>laSexta <\/strong>alguno de los hechos m\u00e1s relevantes que nos marcaron como sociedad. Su pr\u00f3xima emisi\u00f3n, programada para el domingo 7 de junio, se centra en un programa clave para entender la televisi\u00f3n tal y como la conocemos: <strong>Homo Zapping<\/strong>. La autopromoci\u00f3n no solo muestra una entrevista con la <strong>Raquel<\/strong> <strong>Revuelta <\/strong>real, sino que tambi\u00e9n pone el foco en el nacimiento del personaje <strong>La Ni\u00f1a de Shrek<\/strong> \u2014de <strong>Silvia Abril<\/strong>\u2014 o el &#8216;viaje&#8217; de <strong>Anne Igartiburu <\/strong>desde <strong>RTVE<\/strong>.\n    <\/p>\n<p>    <a href=\"https:\/\/www.eldiario.es\/vertele\/noticias\/anatomia-de-recuerda-jesus-gil-trump-espanola-si-resucitara-gente-le-volveria-votar_1_13247608.html\" data-mrf-recirculation=\"saber-mas\" data-dl-event=\"saber-mas\" rel=\"nofollow noopener\" target=\"_blank\"><\/p>\n<p class=\"know-more__title\">&#8216;Anatom\u00eda de&#8217; recuerda a Jes\u00fas Gil como el Trump a la espa\u00f1ola: \u00abSi resucitara, la gente le volver\u00eda a votar\u00bb<\/p>\n<p>            <img decoding=\"async\" class=\"lazy\" loading=\"lazy\" data-src=\"https:\/\/static.eldiario.es\/clip\/5b810542-642a-48c6-bae6-2db70a15e960_16-9-aspect-ratio_default_0.jpg\" src=\"data:image\/svg+xml,%3Csvg xmlns=\" http:=\"\" viewbox=\"0 0 880 495\" alt=\"'Anatom\u00eda de' recuerda a Jes\u00fas Gil como el Trump a la espa\u00f1ola: &quot;Si resucitara, la gente le volver\u00eda a votar&quot;\"\/><\/p>\n<p>                        <\/a><\/p>\n<p class=\"article-text\">\n        Mamen Mendiz\u00e1bal avanza una tercera entrega del programa de <strong>Atresmedia <\/strong>donde se disecciona un formato de imitaciones que \u201c<strong>hoy no se podr\u00eda hacer<\/strong>\u201d. Quiz\u00e1s, uno de los puntos m\u00e1s destacados de esta pieza audiovisual tiene que ver con los <strong>personajes de Paco Le\u00f3n<\/strong>: desde <strong>Anne Igartiburu<\/strong>, presente en la entrega para valorar la s\u00e1tira a Coraz\u00f3n, hasta la propia <strong>Raquel Revuelta<\/strong>. Incluso la b\u00fasqueda en internet sobre Estrenos de cartelera arroja fotogramas del actor como primeros resultados.\n    <\/p>\n<p class=\"article-text\">\n        La presentadora mira a c\u00e1mara para adelantar las claves del pr\u00f3ximo Anatom\u00eda de: \u201c20 a\u00f1os despu\u00e9s, algunas de aquellas imitaciones siguen vivas en la memoria colectiva. Y s\u00ed, <strong>La Ni\u00f1a de Shrek naci\u00f3 en<\/strong><strong> Homo Zapping<\/strong>. La mayor\u00eda de la gente o no lo sabe o lo ha olvidado, como tantas otras cosas que hoy les descubriremos\u201d. Conviene destacar que el cap\u00edtulo<strong> ya est\u00e1 disponible en Atresplayer<\/strong>, una semana antes de su emisi\u00f3n lineal en el prime time de laSexta.\n    <\/p>\n<p class=\"article-text\">\n        Este programa lleva por t\u00edtulo &#8216;<strong>F\u00e1brica de estrellas<\/strong>&#8216; y cuenta con diferentes invitados como los actores Silvia Abril, Paco Le\u00f3n, <strong>Yolanda Ramos <\/strong>y <strong>Jos\u00e9 Corbacho<\/strong>; todos figuras clave en Homo Zapping. Adem\u00e1s, la autopromoci\u00f3n muestra la participaci\u00f3n de otros perfiles imitados anta\u00f1o como las citadas Anne Igartiburu y Raquel Revuelta. La cr\u00edtica televisiva Mariona Cubells tambi\u00e9n analiza el fen\u00f3meno en el que se convirti\u00f3 el espacio de humor que <strong>Antena 3<\/strong> emiti\u00f3 entre 2003 y 2007.\n    <\/p>\n<p>    <a href=\"https:\/\/www.eldiario.es\/vertele\/audiencias-tv\/audiencias-mensuales-mayo-2026-antena-3-lidera-mes-ventaja-la-1-cuatro-alegra-mediaset-duro-telecinco_1_13243139.html\" data-mrf-recirculation=\"saber-mas-abajo\" data-dl-event=\"saber-mas-abajo\" rel=\"nofollow noopener\" target=\"_blank\"><\/p>\n<p class=\"know-more__title\">Antena 3 lidera mayo con m\u00e1s ventaja sobre La 1 y Cuatro alegra a Mediaset en otro duro mes para Telecinco<\/p>\n<p>            <img decoding=\"async\" class=\"lazy\" loading=\"lazy\" data-src=\"https:\/\/static.eldiario.es\/clip\/8991ecd4-5e65-42f5-aa87-fb574df56cf0_16-9-aspect-ratio_default_0.jpg\" src=\"data:image\/svg+xml,%3Csvg xmlns=\" http:=\"\" viewbox=\"0 0 880 495\" alt=\"Antena 3 lidera mayo con m\u00e1s ventaja sobre La 1 y Cuatro alegra a Mediaset en otro duro mes para Telecinco\"\/><\/p>\n<p>                        <\/a><\/p>\n<blockquote class=\"twitter-tweet\" data-lang=\"es\"><p><a href=\"https:\/\/twitter.com\/X\/status\/2061187208594502101?ref_src=twsrc%5Etfw\" rel=\"nofollow noopener\" target=\"_blank\"><\/p><\/blockquote>\n<p>    Los temas de an\u00e1lisis de &#8216;Anatom\u00eda de&#8217; en la cuarta temporada<\/p>\n<p class=\"article-text\">\n        Al margen de <strong>Homo Zapping<\/strong>, el programa Anatom\u00eda de tiene previsto estrenar otras cinco entregas centradas en hechos clave para la sociedad espa\u00f1ola como el <strong>no a la guerra<\/strong>, el <strong>secuestro de Papuchi<\/strong>, la <strong>protesta de Tita Cervera<\/strong>, la conocida como &#8216;<strong>Ruta del bakalao<\/strong>&#8216; o la <strong>boda de Luis Alfonso de Borb\u00f3n<\/strong>. Las entregas ya emitidas abordan otras cuestiones como la <a href=\"https:\/\/www.eldiario.es\/vertele\/noticias\/anatomia-de-recuerda-jesus-gil-trump-espanola-si-resucitara-gente-le-volveria-votar_1_13247608.html\" target=\"_blank\" data-mrf-recirculation=\"links-noticia\" class=\"link\" rel=\"nofollow noopener\">amenaza de Jes\u00fas Gil<\/a> o la &#8216;peseta&#8217; de la cantante <strong>Lola Flores<\/strong>.\n    <\/p>\n<p>                                    <script async src=\"https:\/\/platform.twitter.com\/widgets.js\" charset=\"utf-8\"><\/script><\/p>\n","protected":false},"excerpt":{"rendered":"La cuarta temporada de Anatom\u00eda de contin\u00faa en emisi\u00f3n, rescatando en laSexta alguno de los hechos m\u00e1s relevantes&hellip;\n","protected":false},"author":2,"featured_media":582407,"comment_status":"","ping_status":"","sticky":false,"template":"","format":"standard","meta":{"footnotes":""},"categories":[171],"tags":[44076,9526,8866,3008,146,147,25,24,12608,39685,16739,5622,11917,528,23,214,70657],"class_list":["post-582406","post","type-post","status-publish","format-standard","has-post-thumbnail","category-tv","tag-anatomia","tag-anne","tag-avanza","tag-de","tag-entertainment","tag-entretenimiento","tag-es","tag-espana","tag-especial","tag-homo","tag-igartiburu","tag-lasexta","tag-raquel","tag-revuelta","tag-spain","tag-tv","tag-zapping"],"share_on_mastodon":{"url":"https:\/\/pubeurope.com\/@es\/116675098991295837","error":""},"_links":{"self":[{"href":"https:\/\/www.europesays.com\/es\/wp-json\/wp\/v2\/posts\/582406","targetHints":{"allow":["GET"]}}],"collection":[{"href":"https:\/\/www.europesays.com\/es\/wp-json\/wp\/v2\/posts"}],"about":[{"href":"https:\/\/www.europesays.com\/es\/wp-json\/wp\/v2\/types\/post"}],"author":[{"embeddable":true,"href":"https:\/\/www.europesays.com\/es\/wp-json\/wp\/v2\/users\/2"}],"replies":[{"embeddable":true,"href":"https:\/\/www.europesays.com\/es\/wp-json\/wp\/v2\/comments?post=582406"}],"version-history":[{"count":0,"href":"https:\/\/www.europesays.com\/es\/wp-json\/wp\/v2\/posts\/582406\/revisions"}],"wp:featuredmedia":[{"embeddable":true,"href":"https:\/\/www.europesays.com\/es\/wp-json\/wp\/v2\/media\/582407"}],"wp:attachment":[{"href":"https:\/\/www.europesays.com\/es\/wp-json\/wp\/v2\/media?parent=582406"}],"wp:term":[{"taxonomy":"category","embeddable":true,"href":"https:\/\/www.europesays.com\/es\/wp-json\/wp\/v2\/categories?post=582406"},{"taxonomy":"post_tag","embeddable":true,"href":"https:\/\/www.europesays.com\/es\/wp-json\/wp\/v2\/tags?post=582406"}],"curies":[{"name":"wp","href":"https:\/\/api.w.org\/{rel}","templated":true}]}}