{"id":582493,"date":"2026-06-01T14:34:17","date_gmt":"2026-06-01T14:34:17","guid":{"rendered":"https:\/\/www.europesays.com\/es\/582493\/"},"modified":"2026-06-01T14:34:17","modified_gmt":"2026-06-01T14:34:17","slug":"paul-magnier-cierra-el-giro-de-italia-con-la-maglia-ciclamino-es-un-gran-paso-en-mi-carrera-esciclismo","status":"publish","type":"post","link":"https:\/\/www.europesays.com\/es\/582493\/","title":{"rendered":"Paul Magnier cierra el Giro de Italia con la maglia ciclamino: &quot;Es un gran paso en mi carrera&quot; &#8211; Esciclismo"},"content":{"rendered":"<ol>\n<li><a href=\"https:\/\/news.google.com\/rss\/articles\/CBMiakFVX3lxTE9qRk5MeUJmRXoweFQzem5fdXVqOVpYanVrVEpWS2xubERtRmRvdTA3UklGbVdLZHJHc0U4dGpXY295V0I0V054STNDeGhjUFM5MHVaV2EzWlNUdGljSWU1SGkxNE1ZVDItT2c?oc=5\" target=\"_blank\" rel=\"nofollow noopener\">Paul Magnier cierra el Giro de Italia con la maglia ciclamino: \u00abEs un gran paso en mi carrera\u00bb<\/a>&nbsp;&nbsp;Esciclismo<\/li>\n<li><a href=\"https:\/\/news.google.com\/rss\/articles\/CBMinAFBVV95cUxPY0dxQ2FSbUxnN1Znay1URmV2V0FwNEV6cG16eG9BNU5xcDBSWlB4UEVROEo3YnNoY3RDVkNxd29EckNTQW5wOUloM2tpOUZmR09XRWhLbjIzQjFSVmlXRzJidW0tNjBrSWR6VjlQTGNTWGNJYmcxUXpDZU1mYm1LNG9UeFdKaWsycDVXYXQ0T2NJR1hDZ2NzQjIzVVjSAZwBQVVfeXFMTThNd1VNZ2FlM19sTmZEUlVTMk90bzBfX1NOVmJaMzdsWVg4aHVhYWpuaF9UbWtiMmh0LTRaY29JelZUS2NrTW5WMkt0LXNpMXNFZDRkQVl1VUpGbXFmZFFKZGNkVkF6c3Y1YWs0NmVVdTJSOVVaOWU1bWd4czNad180a1VUdV8tZG1NRGRDMml4X3FUNFBQWjVrYVdF?oc=5\" target=\"_blank\" rel=\"nofollow noopener\">Magnier, antes de la batalla de los Dolomitas, vuelve a imponer su velocidad<\/a>&nbsp;&nbsp;El Mundo<\/li>\n<li><a href=\"https:\/\/news.google.com\/rss\/articles\/CBMibkFVX3lxTE9mbFZwWU1jczVoSmZLS1pIVU9yRGxKLWdjMkZJeFgzbndiaEtmbmxHVmdGLUFvOEdEaHRtQS1nTVJxUTQxVDYybjNOLWhJNlBVSEtfWXBwRU1kNlpqWWkxa0tlSUVVZ1FlUlgtcVBn?oc=5\" target=\"_blank\" rel=\"nofollow noopener\">Pocos ciclistas son tan elegantes como valiosos como Stuyven<\/a>&nbsp;&nbsp;joanseguidor.com<\/li>\n<li><a href=\"https:\/\/news.google.com\/rss\/articles\/CBMiswFBVV95cUxOZzdhbm4zaTZsb0NGSUFka0sxQlhGX1BreDZIZjRMQjRYV012dFlEdDlTeDhBeEUxMFlGQ0tuOXM5RjdqeVlld19YRS1DZktHQjdWTklMU1JpeW5ZZkRNaHFXT3ZZRWdULXdNUEM4MEJuM1VtS2hqbEQ1VXlXR0I3WU1DTU1odDlhXzJ5ZWEyM3VlUWtiZ1Q1anJ6X1RlcGhkU25mdjlXSjZzR2lDTHF0TVlVb9IBuAFBVV95cUxOUTdoTkQ2OF9JZ2lXdkFSVkNkWFZpNEtKaW5JSWROQXJEMmt1ZzI5MEI0b1dKaExSR0NyQ1NZVm8tMkxQakNNSEpLOXFLOF80TG5jeTRhdG85VVpsUVFRSTFkR3h4SDN0ZVVsVy1aUzZudTYtdmpYOGxOQzVySkwwLU0tbXBDeHlpNlp6TzBSRXdfTDNGallkYTBJRF9JWnRHZFZ0UG45bURWYjJMOG5GZmhvQmI4N09l?oc=5\" target=\"_blank\" rel=\"nofollow noopener\">Magnier sella su triplete de triunfos antes de la etapa reina<\/a>&nbsp;&nbsp;La Vanguardia<\/li>\n<li><a href=\"https:\/\/news.google.com\/rss\/articles\/CBMitgFBVV95cUxONkhPOGZwbkxOakFBMk5xdkJ3aE82dW1TbWlGSXFTUWFKdnlUWkNXclVWdFRYNFBYOGpmUExRcGxYNlFNSjRJTGpsSlRGb2F1NGk0VGtfTlJFY3N0dXdIeU5VN3d2SmsyTUduUlFZSmxiNDM5Vm1HYWdaQ3dLUUFDRkRsejNURHVtbFBUa2RCS3oxUzJfVkF0STVXcUg1YjNSTXNIcWNLVmJrVE1XOTN5c3lOWEhkZ9IBygFBVV95cUxOaVpENXcyeTIyN2kyRFktTy0xRGRhRndHQjVfODhCVWRFWFlDOER6TjR0cG85RUdLcFFwVG9jTGduOXNIRFdXblFNTWRRdUE2SXlPUHp0MDZCU2dfYnFVX19wMHlCcjVpSnNSbjVud0VPRzRhbF8wZDFOdF9HaEl4QmVXcWZ2TmxQQjZQd0hDVHNMYlhGVjZjUFRpQTY0TGlPQk1LMUdwM2JmdWZTbC11dVg0TFZ1djBJcTBZUHlmLUlqa0dmQjctdzh3?oc=5\" target=\"_blank\" rel=\"nofollow noopener\">Clasificaci\u00f3n del d\u00eda en el Giro de Italia: as\u00ed queda la general tras la etapa 18<\/a>&nbsp;&nbsp;Diario AS<\/li>\n<\/ol>\n","protected":false},"excerpt":{"rendered":"Paul Magnier cierra el Giro de Italia con la maglia ciclamino: \u00abEs un gran paso en mi carrera\u00bb&nbsp;&nbsp;Esciclismo&hellip;\n","protected":false},"author":2,"featured_media":582494,"comment_status":"","ping_status":"","sticky":false,"template":"","format":"standard","meta":{"footnotes":""},"categories":[273],"tags":[24606,1575,10915,6951,110859,313,1757,4616,20558,1779,312,168,25,24,100469,1820,7957,3956,13056,628,104596,16641,804,9359,4690,843,6417,8607,11960,438,1434,3745,11959,23,167,11961,1357],"class_list":["post-582493","post","type-post","status-publish","format-standard","has-post-thumbnail","category-ciclismo","tag-algunos","tag-ante","tag-broche","tag-celebra","tag-ciclamino","tag-ciclismo","tag-ciclista","tag-clasificacion","tag-competitivo","tag-confirma","tag-cycling","tag-deportes","tag-es","tag-espana","tag-esprinters","tag-frances","tag-giro","tag-gran","tag-h","tag-italia","tag-maglia","tag-magnier","tag-mejores","tag-paul","tag-peloton","tag-premio","tag-puntos","tag-puso","tag-quick","tag-roma","tag-salto","tag-segunda","tag-soudal","tag-spain","tag-sports","tag-step","tag-vuelta"],"share_on_mastodon":{"url":"https:\/\/pubeurope.com\/@es\/116675350769488127","error":""},"_links":{"self":[{"href":"https:\/\/www.europesays.com\/es\/wp-json\/wp\/v2\/posts\/582493","targetHints":{"allow":["GET"]}}],"collection":[{"href":"https:\/\/www.europesays.com\/es\/wp-json\/wp\/v2\/posts"}],"about":[{"href":"https:\/\/www.europesays.com\/es\/wp-json\/wp\/v2\/types\/post"}],"author":[{"embeddable":true,"href":"https:\/\/www.europesays.com\/es\/wp-json\/wp\/v2\/users\/2"}],"replies":[{"embeddable":true,"href":"https:\/\/www.europesays.com\/es\/wp-json\/wp\/v2\/comments?post=582493"}],"version-history":[{"count":0,"href":"https:\/\/www.europesays.com\/es\/wp-json\/wp\/v2\/posts\/582493\/revisions"}],"wp:featuredmedia":[{"embeddable":true,"href":"https:\/\/www.europesays.com\/es\/wp-json\/wp\/v2\/media\/582494"}],"wp:attachment":[{"href":"https:\/\/www.europesays.com\/es\/wp-json\/wp\/v2\/media?parent=582493"}],"wp:term":[{"taxonomy":"category","embeddable":true,"href":"https:\/\/www.europesays.com\/es\/wp-json\/wp\/v2\/categories?post=582493"},{"taxonomy":"post_tag","embeddable":true,"href":"https:\/\/www.europesays.com\/es\/wp-json\/wp\/v2\/tags?post=582493"}],"curies":[{"name":"wp","href":"https:\/\/api.w.org\/{rel}","templated":true}]}}