{"id":58256,"date":"2025-08-19T16:11:11","date_gmt":"2025-08-19T16:11:11","guid":{"rendered":"https:\/\/www.europesays.com\/es\/58256\/"},"modified":"2025-08-19T16:11:11","modified_gmt":"2025-08-19T16:11:11","slug":"piden-parar-la-copa-davis-en-canada-por-el-genocidio-de-gaza","status":"publish","type":"post","link":"https:\/\/www.europesays.com\/es\/58256\/","title":{"rendered":"Piden parar la Copa Davis en Canad\u00e1 por el genocidio de Gaza"},"content":{"rendered":"<p class=\"parrafo\"><strong>La geopol\u00edtica muchas veces ejerce un papal mucho m\u00e1s activo de lo que podemos pensar en el deporte de \u00e9lite<\/strong> y un ejemplo claro es el que estamos viendo en Canad\u00e1, donde m\u00e1s de 400 personalidades del deporte solicitaron este lunes que el pa\u00eds cancele la eliminatoria de tenis de la Copa Davis que tiene que <strong>jugar contra Israel en septiembre por \u00abel genocidio\u00bb en la Franja de Gaza<\/strong>. Entre los firmantes de la petici\u00f3n est\u00e1 el corredor ol\u00edmpico de fondo Mohammed Ahmed, ganador de la medalla de plata <a href=\"https:\/\/www.estadiodeportivo.com\/juegos-olimpicos\/\" target=\"_blank\" class=\"intext-link\" rel=\"nofollow noopener\">en los Juegos Ol\u00edmpicos<\/a> de Tokio 2020 en la prueba de 5.000 metros, y dos integrantes del equipo femenino de f\u00fatbol de Palestina que residen en Canad\u00e1. Otros nombres que apoyan la petici\u00f3n son los intelectuales Naomi Klein y Avi Lewis, as\u00ed como <strong>periodistas deportivos, entrenadores, atletas y acad\u00e9micos<\/strong>, adem\u00e1s de tres relatores especiales de las Naciones Unidas.<\/p>\n<p class=\"parrafo\">Los firmantes solicitan al Gobierno y la federaci\u00f3n canadiense de tenis la cancelaci\u00f3n de la eliminatoria que se disputar\u00e1 los d\u00edas 12 y 13 de septiembre en la localidad de Halifax. La carta se\u00f1ala que <strong>ante \u00abel genocidio en marcha en Gaza\u00bb, es \u00abintolerable\u00bb que se permita que la eliminatoria se celebre<\/strong>, por lo que se solicita que el Gobierno canadiense tome medidas para evitar que los atletas del pa\u00eds compitan contra los de Israel en competiciones deportivas internacionales.<\/p>\n<p><img decoding=\"async\" src=\"https:\/\/www.europesays.com\/es\/wp-content\/uploads\/2025\/08\/8e77e415-9aee-4d2d-98ee-047d713414eb_800x450.jpeg\" loading=\"lazy\"\/>Los principios por delante del deporte<\/p>\n<p class=\"parrafo\">A\u00f1ade que aunque la federaci\u00f3n canadiense de tenis ha defendido que la eliminatoria es solo un evento deportivo, la misiva indica que <strong>Canad\u00e1 deber\u00eda \u00abrechazar legitimar los cr\u00edmenes de Israel\u00bb<\/strong> y compar\u00f3 la medida con las sanciones deportivas contra los atletas del r\u00e9gimen del apartheid sudafricano. \u00abEl deporte es un espacio importante <strong>para la construcci\u00f3n del sentimiento nacional<\/strong>. <\/p>\n<p class=\"parrafo\">Por ello, tanto en el pasado como en la actualidad, ha desempe\u00f1ado <strong>un papel esencial tanto en la promoci\u00f3n de sentimientos nacionales ligados al genocidio<\/strong> como en la generaci\u00f3n de un sentimiento nacional necesario para desmantelar Estados de apartheid\u00bb, se\u00f1al\u00f3 la petici\u00f3n.\u00bbMientras Israel contin\u00faa su genocidio en la Franja de Gaza y fomenta la violencia de los colonos en Cisjordania, las sanciones deportivas contra esa naci\u00f3n constituyen una herramienta fundamental para mostrar <strong>la desaprobaci\u00f3n constante de Canad\u00e1 frente a las acciones israel\u00edes<\/strong>\u00ab, concluy\u00f3 la misiva.<\/p>\n<p><a class=\"elementos-rel-t2\" href=\"https:\/\/www.estadiodeportivo.com\/tenis\/carlos-alcaraz-compadece-pero-cierra-capitulo-vida-20250819-508364.html\" title=\"Carlos Alcaraz se compadece pero cierra un cap\u00edtulo de su vida\" rel=\"nofollow noopener\" target=\"_blank\">Carlos Alcaraz se compadece pero cierra un cap\u00edtulo de su vida<img decoding=\"async\" src=\"https:\/\/www.europesays.com\/es\/wp-content\/uploads\/2025\/08\/d53c4077-29f4-436a-ba96-f945f653e4cf_320x180.jpeg\" alt=\"Carlos Alcaraz se compadece pero cierra un cap\u00edtulo de su vida\"\/><\/a><a class=\"elementos-rel-t2\" href=\"https:\/\/www.estadiodeportivo.com\/tenis\/jannik-sinner-pide-perdon-20250819-508355.html\" title=\"Jannik Sinner pide perd\u00f3n\" rel=\"nofollow noopener\" target=\"_blank\">Jannik Sinner pide perd\u00f3n<img decoding=\"async\" src=\"https:\/\/www.europesays.com\/es\/wp-content\/uploads\/2025\/08\/f7dcbc07-b961-4a28-8f69-16f3a1c803f7_320x180.jpeg\" alt=\"Jannik Sinner pide perd\u00f3n\"\/><\/a><a class=\"elementos-rel-t2\" href=\"https:\/\/www.estadiodeportivo.com\/tenis\/iga-swiatek-impone-ley-cincinnati-20250819-508369.html\" title=\"Iga Swiatek impone su ley en Cincinnati\" rel=\"nofollow noopener\" target=\"_blank\">Iga Swiatek impone su ley en Cincinnati<img decoding=\"async\" src=\"https:\/\/www.europesays.com\/es\/wp-content\/uploads\/2025\/08\/d9220286-39fe-4cc7-a788-dd44310ab176_320x180.jpeg\" alt=\"Iga Swiatek impone su ley en Cincinnati\"\/><\/a>Canad\u00e1, sin opciones<\/p>\n<p class=\"parrafo\">Tras quedarse fuera de la lucha por estar en la gran final a 8 despu\u00e9s de ser sorprendida por Hungr\u00eda, la selecci\u00f3n de Canad\u00e1, una de las grandes del tenis mundial y campeona en 2022, <strong>necesita una victoria ante Israel para mantenerse en el<\/strong><strong> primer grupo mundial<\/strong> y as\u00ed evitar un descenso que ser\u00eda muy doloroso. No obstante, solo por los nombres de los suyos, no deber\u00edan tener excesivos problemas para certificarlo.<\/p>\n","protected":false},"excerpt":{"rendered":"La geopol\u00edtica muchas veces ejerce un papal mucho m\u00e1s activo de lo que podemos pensar en el deporte&hellip;\n","protected":false},"author":2,"featured_media":58257,"comment_status":"","ping_status":"","sticky":false,"template":"","format":"standard","meta":{"footnotes":""},"categories":[274],"tags":[3730,13877,168,25,24,284,23,167,327,326],"class_list":{"0":"post-58256","1":"post","2":"type-post","3":"status-publish","4":"format-standard","5":"has-post-thumbnail","7":"category-tenis","8":"tag-canada","9":"tag-copa-davis","10":"tag-deportes","11":"tag-es","12":"tag-espana","13":"tag-estadio-deportivo","14":"tag-spain","15":"tag-sports","16":"tag-tenis","17":"tag-tennis"},"share_on_mastodon":{"url":"","error":""},"_links":{"self":[{"href":"https:\/\/www.europesays.com\/es\/wp-json\/wp\/v2\/posts\/58256","targetHints":{"allow":["GET"]}}],"collection":[{"href":"https:\/\/www.europesays.com\/es\/wp-json\/wp\/v2\/posts"}],"about":[{"href":"https:\/\/www.europesays.com\/es\/wp-json\/wp\/v2\/types\/post"}],"author":[{"embeddable":true,"href":"https:\/\/www.europesays.com\/es\/wp-json\/wp\/v2\/users\/2"}],"replies":[{"embeddable":true,"href":"https:\/\/www.europesays.com\/es\/wp-json\/wp\/v2\/comments?post=58256"}],"version-history":[{"count":0,"href":"https:\/\/www.europesays.com\/es\/wp-json\/wp\/v2\/posts\/58256\/revisions"}],"wp:featuredmedia":[{"embeddable":true,"href":"https:\/\/www.europesays.com\/es\/wp-json\/wp\/v2\/media\/58257"}],"wp:attachment":[{"href":"https:\/\/www.europesays.com\/es\/wp-json\/wp\/v2\/media?parent=58256"}],"wp:term":[{"taxonomy":"category","embeddable":true,"href":"https:\/\/www.europesays.com\/es\/wp-json\/wp\/v2\/categories?post=58256"},{"taxonomy":"post_tag","embeddable":true,"href":"https:\/\/www.europesays.com\/es\/wp-json\/wp\/v2\/tags?post=58256"}],"curies":[{"name":"wp","href":"https:\/\/api.w.org\/{rel}","templated":true}]}}