{"id":582573,"date":"2026-06-01T15:29:33","date_gmt":"2026-06-01T15:29:33","guid":{"rendered":"https:\/\/www.europesays.com\/es\/582573\/"},"modified":"2026-06-01T15:29:33","modified_gmt":"2026-06-01T15:29:33","slug":"nicolas-cage-confiesa-haberse-cambiado-el-nombre-soy-nick-cage-en-la-vida-real-y-en-la-pantalla-cine-y-tv","status":"publish","type":"post","link":"https:\/\/www.europesays.com\/es\/582573\/","title":{"rendered":"Nicolas Cage confiesa haberse cambiado el nombre: \u00abSoy Nick Cage en la vida real y en la pantalla\u00bb | Cine y TV"},"content":{"rendered":"<p class=\"loc\">Madrid<\/p>\n<p>A sus 62 a\u00f1os, el m\u00edtico actor estadounidense <a href=\"https:\/\/cadenaser.com\/nacional\/2022\/06\/17\/nicolas-cage-se-rie-de-su-propia-sombra-cadena-ser\/\" target=\"_blank\" rel=\"nofollow noopener\" title=\"https:\/\/cadenaser.com\/nacional\/2022\/06\/17\/nicolas-cage-se-rie-de-su-propia-sombra-cadena-ser\/\">Nicolas Cage<\/a> ha dejado de llamarse legalmente Nicolas Kim Coppola. El artista ha confirmado que al fin deja a un lado su nombre de nacimiento para llamarse de la misma forma en que se le conoce: \u00abMe cambi\u00e9 el nombre legalmente el a\u00f1o pasado. Soy Nick Cage en la vida real y soy Nick Cage en la pantalla\u00bb.<\/p>\n<p>En una entrevista de Variety al actor, Cage ha confesado que desde sus inicios en el cine decidi\u00f3 establecer un nombre art\u00edstico para crear una distancia con su t\u00edo, el director Francis Ford Coppola, y no ser \u00abel primo payaso al margen de la de otra persona\u00bb, sino que su voluntad era \u00abser el patriarca de mi propia familia\u00bb.<\/p>\n<p>M\u00e1s informaci\u00f3n<\/p>\n<p>El estadounidense es sobrino del famoso director, hijo del hermano mayor de Francis y la bailarina Joy Vogelsang. \u00abCrec\u00ed en una familia muy vanguardista y art\u00edstica\u00bb, ha asegurado el actor. Asimismo, insiste en que no le importa que le llamen Nicolas o Nick: \u00ab\u00a1Soy ambas cosas! Creo que la gente me conoce como ambas\u00bb.<\/p>\n<p>A pesar de ello, algo s\u00ed ha criticado de Nicolas, y es que su padre se lo puso \u00abcon la ortograf\u00eda francesa\u00bb lo cual siempre le ha \u00abfrustrado\u00bb. Sin embargo, el apellido s\u00ed era algo que quer\u00eda cambiar por el nombre art\u00edstico que adopt\u00f3 al empezar a trabajar en la industria.<\/p>\n<p>\u00bfPor qu\u00e9 &#8216;Cage&#8217;?<\/p>\n<p>Nicolas Cage protagoniza su primera serie dando voz a Ben Reilly, un superh\u00e9roe ar\u00e1cnido, en Spider-Noir de Marvel. Es conocido el gusto del actor por los comics; de hecho, su hijo peque\u00f1o se llama Kal-el, como Superman.<\/p>\n<p>    <img decoding=\"async\" src=\"https:\/\/www.europesays.com\/es\/wp-content\/uploads\/2026\/06\/1780322653_369_app-ser-3.png\" alt=\"Nueva APP de Cadena SER\" loading=\"lazy\" width=\"109\" height=\"82\"\/><\/p>\n<p>Descubre la nueva app de Cadena\u00a0SER<br \/>\n        Te ofrecemos una mejor experiencia de audio y video\n    <\/p>\n<p>    <a href=\"https:\/\/trackingcodes.prisamedia.com\/ser.html?utm_campaign=app-include-articulo&amp;utm_source=web\" class=\"p-a-fa-b\" rel=\"nofollow noopener\" target=\"_blank\">Descargar<\/a><\/p>\n<p>Cuando el estadounidense era preguntado por Variety por su apellido &#8216;Cage&#8217;, el actor ha mostrado su voluntad de llamarse as\u00ed en relaci\u00f3n al del superh\u00e9roe Luke Cage: \u00abEs un nombre que me gust\u00f3 encontrar en los c\u00f3mics; simplemente pens\u00e9 que ten\u00eda un nombre genial\u00bb.<\/p>\n<p>Adem\u00e1s, ha confesado que gracias a su familia hab\u00eda escuchado hablar de \u00abJohn Cage y de las composiciones experimentales que hac\u00eda\u00bb, por lo que tambi\u00e9n baraj\u00f3 algo como &#8216;James Dean&#8217;, \u00abcorto y dulce\u00bb. Finalmente, decidi\u00f3 optar por el nombre que le puso su padre y el apellido que comparten estos personajes.<\/p>\n","protected":false},"excerpt":{"rendered":"Madrid A sus 62 a\u00f1os, el m\u00edtico actor estadounidense Nicolas Cage ha dejado de llamarse legalmente Nicolas Kim&hellip;\n","protected":false},"author":2,"featured_media":582574,"comment_status":"","ping_status":"","sticky":false,"template":"","format":"standard","meta":{"footnotes":""},"categories":[169],"tags":[177,146,147,25,24,176,175,96386,23],"class_list":["post-582573","post","type-post","status-publish","format-standard","has-post-thumbnail","category-cine","tag-cine","tag-entertainment","tag-entretenimiento","tag-es","tag-espana","tag-film","tag-movies","tag-pmarc","tag-spain"],"share_on_mastodon":{"url":"https:\/\/pubeurope.com\/@es\/116675567710112825","error":""},"_links":{"self":[{"href":"https:\/\/www.europesays.com\/es\/wp-json\/wp\/v2\/posts\/582573","targetHints":{"allow":["GET"]}}],"collection":[{"href":"https:\/\/www.europesays.com\/es\/wp-json\/wp\/v2\/posts"}],"about":[{"href":"https:\/\/www.europesays.com\/es\/wp-json\/wp\/v2\/types\/post"}],"author":[{"embeddable":true,"href":"https:\/\/www.europesays.com\/es\/wp-json\/wp\/v2\/users\/2"}],"replies":[{"embeddable":true,"href":"https:\/\/www.europesays.com\/es\/wp-json\/wp\/v2\/comments?post=582573"}],"version-history":[{"count":0,"href":"https:\/\/www.europesays.com\/es\/wp-json\/wp\/v2\/posts\/582573\/revisions"}],"wp:featuredmedia":[{"embeddable":true,"href":"https:\/\/www.europesays.com\/es\/wp-json\/wp\/v2\/media\/582574"}],"wp:attachment":[{"href":"https:\/\/www.europesays.com\/es\/wp-json\/wp\/v2\/media?parent=582573"}],"wp:term":[{"taxonomy":"category","embeddable":true,"href":"https:\/\/www.europesays.com\/es\/wp-json\/wp\/v2\/categories?post=582573"},{"taxonomy":"post_tag","embeddable":true,"href":"https:\/\/www.europesays.com\/es\/wp-json\/wp\/v2\/tags?post=582573"}],"curies":[{"name":"wp","href":"https:\/\/api.w.org\/{rel}","templated":true}]}}