{"id":582591,"date":"2026-06-01T15:42:15","date_gmt":"2026-06-01T15:42:15","guid":{"rendered":"https:\/\/www.europesays.com\/es\/582591\/"},"modified":"2026-06-01T15:42:15","modified_gmt":"2026-06-01T15:42:15","slug":"serena-williams-regresara-al-tenis-con-44-anos-y-jugara-el-dobles-de-queens","status":"publish","type":"post","link":"https:\/\/www.europesays.com\/es\/582591\/","title":{"rendered":"Serena Williams regresar\u00e1 al tenis con 44 a\u00f1os y jugar\u00e1 el dobles de Queen&#8217;s"},"content":{"rendered":"<p style=\"\"><a href=\"https:\/\/www.abc.es\/noticias\/serena-williams\/\" title=\"www.abc.es\" data-voc-vtm-id=\"in-text-traffic\" data-mrf-link=\"www.abc.es\" rel=\"nofollow noopener\" target=\"_blank\">Serena Williams <\/a>vuelve al tenis: la jugadora estadounidense, de <strong>44 a\u00f1os<\/strong>, jugar\u00e1 el torneo de Queen&#8217;s en la modalidad de dobles. Una magn\u00edfica noticia para el circuito femenino, que ve c\u00f3mo una de sus grandes estrellas de los \u00faltimos a\u00f1os regresar\u00e1 para intentar  &#8230; brillar de nuevo.<\/p>\n<p class=\"v-d-p\" style=\"\">La estadounidense regresar\u00e1 a las pistas tras casi cuatro a\u00f1os de ausencia. La menor de las Williams llevaba sin disputar un partido profesional desde que perdiese en tercera ronda del US Open en 2022 contra <strong>Ajla Tomljanovic<\/strong>.<\/p>\n<p class=\"v-d-p\" style=\"\">Un regreso ciertamente esperado porque el extenista Andy Roddick <strong>ya dio pistas en su p\u00f3dcast<\/strong> de que la ganadora de 23 Grand Slams estaba por la labor de volver a jugar. Dicho y hecho.<\/p>\n<ul class=\"v-cmp-rld__u\">\n<li class=\"v-cmp-rld__l\">\n<p><a class=\"v-a-lnk\" href=\"https:\/\/www.abc.es\/summum\/gente-vip\/lujos-serena-williams-premio-princesa-asturias-deporte-20251024180810-nt.html#vtm_modulosEngag=noticiasrelacionadas-cmp-uno:deportes:noticia:1\" title=\"Los lujos de Serena Williams: desde sus mansiones a sus negocios millonarios\" data-voc-vtm-id=\"in-text-traffic\" rel=\"nofollow noopener\" target=\"_blank\"><br \/>\n<img decoding=\"async\" loading=\"lazy\" src=\"https:\/\/www.europesays.com\/es\/wp-content\/uploads\/2026\/06\/serena-williams-U81341873805Rwh-366x256@diario_abc.jpg\" class=\"v-a-img\" width=\"258\" height=\"180\" alt=\"Los lujos de Serena Williams: desde sus mansiones a sus negocios millonarios\"\/><br \/>\n<\/a><\/p>\n<p class=\"v-a-p-t\">\nPremio Princesa de Asturias\n<\/p>\n<\/li>\n<\/ul>\n<p class=\"v-d-p\" style=\"\">Este lunes fue ella misma la que se encarg\u00f3 de confirmar su regreso a trav\u00e9s de un <strong>emotivo v\u00eddeo con Nike<\/strong>. Ataviada con una equipaci\u00f3n muy similar a la que se luce en Wimbledon, ella era la encargada de coger el m\u00f3vil que sonaba para dar su mensaje: \u00abLas buenas noticias vuelan. Supongo que todos escucharon las noticias. Tengo que cambiar mi tel\u00e9fono\u00bb. Una confirmaci\u00f3n plena de que en tan solo unos d\u00edas volver\u00e1 a coger la raqueta para disputar un partido profesional tras varios a\u00f1os de ausencia.<\/p>\n<p class=\"v-d-p\" style=\"\">De primeras, Serena Williams se ha apuntado al torneo de Queen&#8217;s, uno de los grandes de la temporada de hierba. All\u00ed <strong>disputar\u00e1 el dobles junto a la canadiense Victoria Mboko<\/strong>. Y lo hara en breve, puesto que se celebra del 8 al 14 de junio. <\/p>\n<p class=\"v-d-p\" style=\"\">Adem\u00e1s, la \u00faltima gran dominadora del circuito femenino tambi\u00e9n ha pedido invitaciones para el cuadro individual de los torneos de <strong>Queen&#8217;s, Berl\u00edn y Wimbledon<\/strong>, el tercer Grand Slam de la temporada.<\/p>\n<p class=\"v-d-p\" style=\"\">Su vuelta a las pistas le har\u00e1 coincidir con su hermana <strong>Venus<\/strong>. La mayor de las Williams sigue dando sus \u00faltimos coletazos en el tenis profesional a sus 45 a\u00f1os, aunque con un ritmo mucho menor que al de hace a\u00f1os. <\/p>\n<p>\nUna carrera de leyenda\n<\/p>\n<p class=\"v-d-p\" style=\"\">La de Serena Williams ha sido una de las carreras m\u00e1s exitosa de la historia del tenis. Desde su irrupci\u00f3n en el circuito a finales de los a\u00f1os 90, su palmar\u00e9s habla por s\u00ed solo.<\/p>\n<p class=\"v-d-p\" style=\"\">En su haber cuenta con 23 Grand Slams (siete Abiertos de Australia, tres Roland Garros, siete Wimbledon y siete US Open) la colocan \u00fanicamente por detr\u00e1s de <strong>Margaret Court<\/strong> en el ranking de Majors conquistados. <\/p>\n<p class=\"v-d-p\" style=\"\">A todo eso, hay que a\u00f1adirle sus oros ol\u00edmpicos, tanto en individual como en dobles, y la infinidad de torneos conquistados por Serena Williams. Ahora, a sus 44 a\u00f1os a\u00f1os, ha decidido de nuevo coger la raqueta tras varios a\u00f1os de inactividad. Un regreso ilusionante que se producir\u00e1 en tan solo unos d\u00edas.<\/p>\n","protected":false},"excerpt":{"rendered":"Serena Williams vuelve al tenis: la jugadora estadounidense, de 44 a\u00f1os, jugar\u00e1 el torneo de Queen&#8217;s en la&hellip;\n","protected":false},"author":2,"featured_media":582592,"comment_status":"","ping_status":"","sticky":false,"template":"","format":"standard","meta":{"footnotes":""},"categories":[274],"tags":[168,25,24,10660,45533,21044,54090,23,167,327,326,775,110885],"class_list":["post-582591","post","type-post","status-publish","format-standard","has-post-thumbnail","category-tenis","tag-deportes","tag-es","tag-espana","tag-jugara","tag-queens","tag-regresara","tag-serena","tag-spain","tag-sports","tag-tenis","tag-tennis","tag-torneo","tag-willimas"],"share_on_mastodon":{"url":"https:\/\/pubeurope.com\/@es\/116675618913416187","error":""},"_links":{"self":[{"href":"https:\/\/www.europesays.com\/es\/wp-json\/wp\/v2\/posts\/582591","targetHints":{"allow":["GET"]}}],"collection":[{"href":"https:\/\/www.europesays.com\/es\/wp-json\/wp\/v2\/posts"}],"about":[{"href":"https:\/\/www.europesays.com\/es\/wp-json\/wp\/v2\/types\/post"}],"author":[{"embeddable":true,"href":"https:\/\/www.europesays.com\/es\/wp-json\/wp\/v2\/users\/2"}],"replies":[{"embeddable":true,"href":"https:\/\/www.europesays.com\/es\/wp-json\/wp\/v2\/comments?post=582591"}],"version-history":[{"count":0,"href":"https:\/\/www.europesays.com\/es\/wp-json\/wp\/v2\/posts\/582591\/revisions"}],"wp:featuredmedia":[{"embeddable":true,"href":"https:\/\/www.europesays.com\/es\/wp-json\/wp\/v2\/media\/582592"}],"wp:attachment":[{"href":"https:\/\/www.europesays.com\/es\/wp-json\/wp\/v2\/media?parent=582591"}],"wp:term":[{"taxonomy":"category","embeddable":true,"href":"https:\/\/www.europesays.com\/es\/wp-json\/wp\/v2\/categories?post=582591"},{"taxonomy":"post_tag","embeddable":true,"href":"https:\/\/www.europesays.com\/es\/wp-json\/wp\/v2\/tags?post=582591"}],"curies":[{"name":"wp","href":"https:\/\/api.w.org\/{rel}","templated":true}]}}