{"id":582917,"date":"2026-06-01T19:43:20","date_gmt":"2026-06-01T19:43:20","guid":{"rendered":"https:\/\/www.europesays.com\/es\/582917\/"},"modified":"2026-06-01T19:43:20","modified_gmt":"2026-06-01T19:43:20","slug":"radiohead-no-planea-sacar-un-nuevo-disco","status":"publish","type":"post","link":"https:\/\/www.europesays.com\/es\/582917\/","title":{"rendered":"Radiohead no planea sacar un nuevo disco"},"content":{"rendered":"<p class=\"wp-block-paragraph\"><strong>Ed O&#8217;Brien<\/strong> <strong>descart\u00f3 la posibilidad de que Radiohead publique un nuevo disco de estudio a la brevedad<\/strong>. En una nueva entrevista con <a href=\"https:\/\/www.nme.com\/news\/music\/ed-obrien-interview-new-album-blue-morpho-mental-health-radiohead-future-3947996\" target=\"_blank\" rel=\"noreferrer noopener nofollow\">NME<\/a>, el guitarrista respondi\u00f3 con una carcajada ante la pregunta sobre el esperado sucesor de <a href=\"https:\/\/indiehoy.com\/discos\/radiohead-moon-shaped-pool\/\" type=\"link\" id=\"https:\/\/indiehoy.com\/discos\/radiohead-moon-shaped-pool\/\" target=\"_blank\" rel=\"noreferrer noopener nofollow\">A Moon Shaped Pool<\/a> (2016), explicando que no comprende de d\u00f3nde sali\u00f3 el rumor de que la banda se encuentra trabajando en otro LP.<\/p>\n<p class=\"wp-block-paragraph\">\u00ab<strong>\u00bfDe d\u00f3nde sacaste la idea de que hay otro disco de Radiohead? No puedo ni imaginarlo porque no hemos hablado ni siquiera de otro \u00e1lbum<\/strong>\u00ab, dijo el m\u00fasico. Luego, O&#8217;Brien se\u00f1al\u00f3 al proceso de grabaci\u00f3n del \u00faltimo disco de la banda como principal raz\u00f3n de esa reticencia. \u00abEl relato de ese \u00e1lbum es muy, muy oscuro. Proyecta una larga sombra\u00bb, afirm\u00f3, antes de a\u00f1adir: <strong>\u00ab\u00a1Quiz\u00e1s preg\u00fantame en seis a\u00f1os!\u00bb<\/strong>.<\/p>\n<p>Gira s\u00ed, disco no<\/p>\n<p class=\"wp-block-paragraph\">En febrero pasado, trascendi\u00f3 que los cinco integrantes de la banda crearon una nueva sociedad privada, lo que dispar\u00f3 los rumores sobre una posible vuelta al estudio. A eso se sum\u00f3 una exitosa gira de regreso en 2025, en la que la banda dio residencias de cuatro noches en Madrid, Bolonia, Londres, Copenhague y Berl\u00edn, tocando en formaci\u00f3n circular y rotando entre un repertorio de 65 canciones. <\/p>\n<p class=\"wp-block-paragraph\">El propio O&#8217;Brien reconoci\u00f3 el impacto que tuvo esa gira en el grupo. \u00abLo que importa es que somos cinco personas. <strong>Las canciones pueden tocarse solas de alguna manera, pero si existe el amor y ese sentimiento entre los cinco, y as\u00ed fue, y fue glorioso<\/strong>\u00ab, se\u00f1al\u00f3 el m\u00fasico.<\/p>\n<p class=\"wp-block-paragraph\">En cuanto a un nuevo material de estudio, sus compa\u00f1eros de banda tampoco dieron se\u00f1ales alentadoras. <strong>Jonny Greenwood <\/strong>admiti\u00f3 en febrero que no ten\u00eda \u00abni idea\u00bb de si la banda publicar\u00eda otro disco, mientras que<strong> <a href=\"https:\/\/indiehoy.com\/historias\/la-cancion-mas-oscura-de-radiohead-segun-thom-yorke-no-hay-luz-al-final\/\" target=\"_blank\" rel=\"noreferrer noopener nofollow\">Thom Yorke<\/a><\/strong> decidi\u00f3 no hablar del tema, aunque s\u00ed se expres\u00f3 con entusiasmo sobre los shows: \u00abEstoy muy, muy contento de haberlos hecho\u00bb.<\/p>\n","protected":false},"excerpt":{"rendered":"Ed O&#8217;Brien descart\u00f3 la posibilidad de que Radiohead publique un nuevo disco de estudio a la brevedad. En&hellip;\n","protected":false},"author":2,"featured_media":582918,"comment_status":"","ping_status":"","sticky":false,"template":"","format":"standard","meta":{"footnotes":""},"categories":[170],"tags":[146,147,25,24,184,185,3529,23],"class_list":["post-582917","post","type-post","status-publish","format-standard","has-post-thumbnail","category-musica","tag-entertainment","tag-entretenimiento","tag-es","tag-espana","tag-music","tag-musica","tag-radiohead","tag-spain"],"share_on_mastodon":{"url":"https:\/\/pubeurope.com\/@es\/116676566153956188","error":""},"_links":{"self":[{"href":"https:\/\/www.europesays.com\/es\/wp-json\/wp\/v2\/posts\/582917","targetHints":{"allow":["GET"]}}],"collection":[{"href":"https:\/\/www.europesays.com\/es\/wp-json\/wp\/v2\/posts"}],"about":[{"href":"https:\/\/www.europesays.com\/es\/wp-json\/wp\/v2\/types\/post"}],"author":[{"embeddable":true,"href":"https:\/\/www.europesays.com\/es\/wp-json\/wp\/v2\/users\/2"}],"replies":[{"embeddable":true,"href":"https:\/\/www.europesays.com\/es\/wp-json\/wp\/v2\/comments?post=582917"}],"version-history":[{"count":0,"href":"https:\/\/www.europesays.com\/es\/wp-json\/wp\/v2\/posts\/582917\/revisions"}],"wp:featuredmedia":[{"embeddable":true,"href":"https:\/\/www.europesays.com\/es\/wp-json\/wp\/v2\/media\/582918"}],"wp:attachment":[{"href":"https:\/\/www.europesays.com\/es\/wp-json\/wp\/v2\/media?parent=582917"}],"wp:term":[{"taxonomy":"category","embeddable":true,"href":"https:\/\/www.europesays.com\/es\/wp-json\/wp\/v2\/categories?post=582917"},{"taxonomy":"post_tag","embeddable":true,"href":"https:\/\/www.europesays.com\/es\/wp-json\/wp\/v2\/tags?post=582917"}],"curies":[{"name":"wp","href":"https:\/\/api.w.org\/{rel}","templated":true}]}}