{"id":582931,"date":"2026-06-01T19:51:13","date_gmt":"2026-06-01T19:51:13","guid":{"rendered":"https:\/\/www.europesays.com\/es\/582931\/"},"modified":"2026-06-01T19:51:13","modified_gmt":"2026-06-01T19:51:13","slug":"raul-rabadan-renuncia-a-la-direccion-cientifica-del-cnio-antes-de-asumir-el-cargo","status":"publish","type":"post","link":"https:\/\/www.europesays.com\/es\/582931\/","title":{"rendered":"Ra\u00fal Rabad\u00e1n renuncia a la direcci\u00f3n cient\u00edfica del CNIO antes de asumir el cargo"},"content":{"rendered":"<p style=\"\">La situaci\u00f3n en el Centro Nacional de Investigaciones Oncol\u00f3gicas (<a href=\"https:\/\/www.abc.es\/noticias\/centro-nacional-investigaciones-oncologicas-cnio\/\" title=\"www.abc.es\" data-voc-vtm-id=\"in-text-traffic\" data-mrf-link=\"www.abc.es\" rel=\"nofollow noopener\" target=\"_blank\">CNIO<\/a>) est\u00e1 muy lejos de mejorar. Tras la salida, en menos de dos a\u00f1os, de la expresidenta Mar\u00eda Blasco y de los dos gerentes Juan Arroyo y Jos\u00e9 Manuel Bernab\u00e9, se\u00f1alados todos ellos bien por  &#8230; corrupci\u00f3n, descontrol administrativo o acoso, uno de los hombres elegidos por el Ministerio de Ciencia, Innovaci\u00f3n y Universidades, que dirige Diana Morant, ha renunciado a ocupar el puesto antes de acceder al mismo. Se trata del doctor <strong>Ra\u00fal Rabad\u00e1n, <\/strong> designado director cient\u00edfico del CNIO hace apenas unos meses.<\/p>\n<p class=\"v-d-p\" style=\"\">En septiembre del a\u00f1o pasado, concretamente el d\u00eda 4 ,Rabad\u00e1n logr\u00f3 la plaza de director cient\u00edfico de la instituci\u00f3n tras ganar el concurso interno convocado por el organismo. Desde entonces estaba prevista su toma de posesi\u00f3n para este mismo a\u00f1o, aunque, seg\u00fan fuentes del propio CNIO, ya hace varias semanas que se rumoreaba la posibilidad de que rechazara la asunci\u00f3n de la nueva responsabilidad, debido al descontrol en el que sigue sumida la instituci\u00f3n. <\/p>\n<p class=\"v-d-p\" style=\"\">Rabad\u00e1n, en la actualidad adscrito al Programa de Gen\u00f3mica Matem\u00e1tica de la Universidad de Columbia (<a href=\"https:\/\/www.abc.es\/noticias\/estados-unidos\/\" title=\"www.abc.es\" data-voc-vtm-id=\"in-text-traffic\" data-mrf-link=\"www.abc.es\" rel=\"nofollow noopener\" target=\"_blank\">EE.UU.<\/a>) y al Center for Topology of Cancer Evolution and Heterogeneity, hab\u00eda sido <strong>elegido por unanimidad<\/strong> por el Patronato del CNIO en el marco de un proceso internacional de selecci\u00f3n que comenz\u00f3 el 10 de abril del pasado a\u00f1o con la apertura del concurso para cubrir este puesto. Licenciado en F\u00edsica y doctor por la Universidad Aut\u00f3noma de Madrid, su trabajo se centra en<strong> la gen\u00f3mica del c\u00e1ncer<\/strong>, la biolog\u00eda computacional y el an\u00e1lisis de grandes datos biom\u00e9dicos.<\/p>\n<p class=\"v-d-p\" style=\"\">Justo un a\u00f1o despu\u00e9s de iniciarse ese proceso de selecci\u00f3n, el 10 de abril de este 2026, Ciencia eligi\u00f3 a Cristina Navarro como nueva gerente del centro, como relevo de Bernab\u00e9, para enderezar la situaci\u00f3n. Ni su experiencia ni su dilatada trayectoria, sin embargo, han servido para calmar las aguas. La renuncia de Rabad\u00e1n, seg\u00fan indican fuentes de la instituci\u00f3n, tiene que ver precisamente con los problemas que acarrea el CNIO. El doctor, seg\u00fan esas mismas fuentes, no quer\u00eda ver manchado su nombre ante la sucesi\u00f3n de esc\u00e1ndalos que se han ido produciendo.<\/p>\n<p class=\"v-d-p\" style=\"\">El departamento que dirige <a href=\"https:\/\/www.abc.es\/noticias\/diana-morant\/\" title=\"www.abc.es\" data-voc-vtm-id=\"in-text-traffic\" data-mrf-link=\"www.abc.es\" rel=\"nofollow noopener\" target=\"_blank\">Diana Morant<\/a> ha se\u00f1alado a trav\u00e9s de un comunicado que respeta la decisi\u00f3n del dimitido, aunque la lamenta, y ha precisado que se trata de <strong>\u00abuna renuncia irrevocable\u00bb<\/strong>. Ante esta situaci\u00f3n, el ministerio ha adelantado que incorporar\u00e1 al orden del d\u00eda del Patronato del CNIO, convocado para el pr\u00f3ximo 8 de junio, la adopci\u00f3n de las medidas necesarias para seguir garantizando que las funciones propias de la direcci\u00f3n cient\u00edfica del centro \u00abest\u00e1n plenamente cubiertas\u00bb. De momento desde el entorno de la ministra no adelantan ning\u00fan nombre para que sustituya de manera formal al dimitido.<\/p>\n<ul class=\"v-cmp-rld__u\">\n<li class=\"v-cmp-rld__l\">\n<p><a class=\"v-a-lnk\" href=\"https:\/\/www.abc.es\/espana\/desvelo-abc-irregularidades-cnio-provocado-caida-directores-20250129151440-nt.html#vtm_modulosEngag=noticiasrelacionadas-cmp-uno:espana:noticia:1\" title=\"Las irregularidades del CNIO que han acabado con sus directores\" data-voc-vtm-id=\"in-text-traffic\" rel=\"nofollow noopener\" target=\"_blank\"><br \/>\n<img decoding=\"async\" loading=\"lazy\" src=\"https:\/\/www.europesays.com\/es\/wp-content\/uploads\/2026\/06\/blasco-1200x840-U33106208785BVY-366x256@diario_abc.jpg\" class=\"v-a-img\" width=\"258\" height=\"180\" alt=\"Las irregularidades del CNIO que han acabado con sus directores\"\/><br \/>\n<\/a><\/p>\n<\/li>\n<\/ul>\n<p>\nUn momento delicado\n<\/p>\n<p class=\"v-d-p\" style=\"\">La renuncia se produce en un momento delicado para el centro <a href=\"https:\/\/www.abc.es\/ciencia\/fisico-raul-rabadan-propuesto-nuevo-director-cnio-20250904110135-nt.html\" title=\"www.abc.es\" data-voc-vtm-id=\"in-text-traffic\" data-mrf-link=\"www.abc.es\" rel=\"nofollow noopener\" target=\"_blank\">tras la salida de la predecesora de Rabad\u00e1n<\/a>, Mar\u00eda Blasco, y en pleno proceso de reorganizaci\u00f3n interna. Actualmente, el centro mantiene a <strong>Fernando Pel\u00e1ez <\/strong>como director cient\u00edfico en funciones y a Cristina Navarro Enterr\u00eda como directora gerente. <\/p>\n<p class=\"v-d-p\" style=\"\">El Patronato del CNIO eligi\u00f3 a Navarro Enterr\u00eda como directora gerente el pasado 10 de abril de 2026, mientras que Pel\u00e1ez asumi\u00f3 la direcci\u00f3n cient\u00edfica de forma interina <strong>tras la salida de Mar\u00eda Blasco<\/strong>.<\/p>\n<p class=\"v-d-p\" style=\"\">Rabad\u00e1n hab\u00eda sido respaldado por el secretario de Estado de Ciencia, Innovaci\u00f3n y Universidades, Juan Cruz Cigudosa, que defendi\u00f3 su \u00abidoneidad\u00bb para dirigir cient\u00edficamente el CNIO. Seg\u00fan se\u00f1al\u00f3, el Comit\u00e9 de Selecci\u00f3n consideraba que el investigador presentaba <strong>\u00abel mejor proyecto estrat\u00e9gico para el centro\u00bb<\/strong> y que contaba con \u00abuna trayectoria cient\u00edfica de excelencia reconocida internacionalmente\u00bb.<\/p>\n<p class=\"v-d-p\" style=\"\">El ministerio destac\u00f3, adem\u00e1s, tras su elecci\u00f3n, que su propuesta ten\u00eda <strong>un \u00abalto potencial transformador\u00bb<\/strong> para el CNIO por su apuesta por las tecnolog\u00edas digitales y computacionales, la ciencia de datos, la inteligencia artificial, la transferencia de conocimiento y una mayor conexi\u00f3n entre la investigaci\u00f3n b\u00e1sica, aplicada y cl\u00ednica.<\/p>\n","protected":false},"excerpt":{"rendered":"La situaci\u00f3n en el Centro Nacional de Investigaciones Oncol\u00f3gicas (CNIO) est\u00e1 muy lejos de mejorar. Tras la salida,&hellip;\n","protected":false},"author":2,"featured_media":582932,"comment_status":"","ping_status":"","sticky":false,"template":"","format":"standard","meta":{"footnotes":""},"categories":[8],"tags":[9440,17,18,24409,6862,11307,4796,25,24,13,14,11,19,20,9,10,15,16,110942,10571,17243,23,12,21,22],"class_list":["post-582931","post","type-post","status-publish","format-standard","has-post-thumbnail","category-espana","tag-asumir","tag-breaking-news","tag-breakingnews","tag-cargo","tag-cientifica","tag-cnio","tag-direccion","tag-es","tag-espana","tag-featured-news","tag-featurednews","tag-headlines","tag-latest-news","tag-latestnews","tag-news","tag-noticias","tag-noticias-destacadas","tag-noticiasdestacadas","tag-rabadan","tag-raul","tag-renuncia","tag-spain","tag-titulares","tag-ultimas-noticias","tag-ultimasnoticias"],"share_on_mastodon":{"url":"https:\/\/pubeurope.com\/@es\/116676598070662077","error":""},"_links":{"self":[{"href":"https:\/\/www.europesays.com\/es\/wp-json\/wp\/v2\/posts\/582931","targetHints":{"allow":["GET"]}}],"collection":[{"href":"https:\/\/www.europesays.com\/es\/wp-json\/wp\/v2\/posts"}],"about":[{"href":"https:\/\/www.europesays.com\/es\/wp-json\/wp\/v2\/types\/post"}],"author":[{"embeddable":true,"href":"https:\/\/www.europesays.com\/es\/wp-json\/wp\/v2\/users\/2"}],"replies":[{"embeddable":true,"href":"https:\/\/www.europesays.com\/es\/wp-json\/wp\/v2\/comments?post=582931"}],"version-history":[{"count":0,"href":"https:\/\/www.europesays.com\/es\/wp-json\/wp\/v2\/posts\/582931\/revisions"}],"wp:featuredmedia":[{"embeddable":true,"href":"https:\/\/www.europesays.com\/es\/wp-json\/wp\/v2\/media\/582932"}],"wp:attachment":[{"href":"https:\/\/www.europesays.com\/es\/wp-json\/wp\/v2\/media?parent=582931"}],"wp:term":[{"taxonomy":"category","embeddable":true,"href":"https:\/\/www.europesays.com\/es\/wp-json\/wp\/v2\/categories?post=582931"},{"taxonomy":"post_tag","embeddable":true,"href":"https:\/\/www.europesays.com\/es\/wp-json\/wp\/v2\/tags?post=582931"}],"curies":[{"name":"wp","href":"https:\/\/api.w.org\/{rel}","templated":true}]}}