{"id":583174,"date":"2026-06-01T23:10:19","date_gmt":"2026-06-01T23:10:19","guid":{"rendered":"https:\/\/www.europesays.com\/es\/583174\/"},"modified":"2026-06-01T23:10:19","modified_gmt":"2026-06-01T23:10:19","slug":"maxi-iglesias-vuelve-a-la-revuelta-un-mes-despues-de-su-trato-con-broncano-hombre-de-palabra","status":"publish","type":"post","link":"https:\/\/www.europesays.com\/es\/583174\/","title":{"rendered":"Maxi Iglesias vuelve a &#8216;La Revuelta&#8217; un mes despu\u00e9s de su trato con Broncano: \u00abHombre de palabra\u00bb"},"content":{"rendered":"<p class=\"c-paragraph\"><a href=\"https:\/\/www.20minutos.es\/tags\/personas\/maxi-iglesias.html\" title=\"Maxi Iglesias\" rel=\"nofollow noopener\" target=\"_blank\">Maxi Iglesias<\/a> ha cumplido con su palabra y ha vuelto a <a href=\"https:\/\/www.20minutos.es\/tags\/temas\/la-revuelta.html\" title=\"La Revuelta\" rel=\"nofollow noopener\" target=\"_blank\">La Revuelta<\/a> un mes despu\u00e9s de su \u00faltima visita. El actor acudi\u00f3 <b>junto a Margarida Corceiro para presentar\u00a0Todo lo que nunca fuimos<\/b>, la adaptaci\u00f3n de la novela de Alice Kellen que se estrena este viernes 5 de junio en cines.<\/p>\n<p class=\"c-paragraph\">\u00abHace un par de meses, cometimos un error\u00bb, apunt\u00f3 <a href=\"https:\/\/www.20minutos.es\/tags\/personas\/broncano.html\" title=\"David Broncano\" rel=\"nofollow noopener\" target=\"_blank\">Broncano<\/a> antes de dar paso a sus invitados. \u00abHace menos de un mes\u00bb, le corrigi\u00f3 Grison. \u00abEste chaval nos cae muy bien, pero nos hizo el l\u00edo. Dijo &#8216;vengo hoy y me quedo aqu\u00ed, hablo, pero ten\u00e9is que traerme dentro de un mes&#8217; y yo dije &#8216;okey&#8217; pero ahora,<b> \u00bfotra vez? y mira que es amigo. <\/b>Viene acompa\u00f1ado de una actriz portuguesa\u00bb, explic\u00f3 el presentador, a lo que Ricardo Castella aleg\u00f3: \u00abNunca es demasiado Maxi\u00bb.<\/p>\n<p class=\"c-paragraph\">Tras ello, el int\u00e9rprete entr\u00f3 al plat\u00f3 acompa\u00f1ado de su invitada. \u00abMaxi, lo que he contado al principio. Vino hace un mes y dijo&#8230;\u00bb, se dirigi\u00f3 el jiennense a su invitado, quien le interrumpi\u00f3 para apuntarle que no se acuerda de lo que le coment\u00f3. \u00abDijo que volvia dentro de un mes con una estrella portuguesa.<b> Yo no me lo cre\u00ed, pero ha pasado y efectivamente ha vuelto acompa\u00f1ado<\/b>\u00ab, le detall\u00f3 el comunicador a Margarida. \u00abHombre de palabra\u00bb, se defensi\u00f3 Maxi mientras le estrechaba la mano.<\/p>\n<p class=\"c-paragraph\">Despu\u00e9s de una clase de portugu\u00e9s con la actriz, en la que Broncano le confes\u00f3 que cuando juega al tenis piensa en su idioma, le entregaron sus correspondientes regalos: <b>una camiseta del Sporting de Lisboa firmada por los futbolistas por parte de ella y un cachopo parte de \u00e9l<\/b>. \u00abMe hubiera gustado que lo hubiera firmado el cocinero\u00bb, expres\u00f3 Broncano hacia el actor en tono de broma.\u00a0<\/p>\n<p class=\"c-paragraph\">Por su parte, el equipo del programa hizo la correspondiente performance que hacen cuando va por primera vez alguien a visitarles para entregarle el regalo, que result\u00f3 ser <b>una camiseta en la que serigrafiaron \u00abbienvenida Margarida\u00bb en portugu\u00e9s.<\/b><\/p>\n<p class=\"c-paragraph\">Antes de marcharse, Maxi Iglesias cumpli\u00f3 otra de sus promesas, que fue <b>actualizar los datos a la pregunta cl\u00e1sica de las relaciones sexuales.<\/b> \u00abEs que acabo de volver de rodar, no he tenido muhco tiempo. Igual un poco como el mes pasado\u00bb, inici\u00f3 con su respuesta.<\/p>\n<p class=\"c-paragraph\">\u00abDijiste un dato regular\u00bb, le record\u00f3 Broncano. \u00abPues es que sigo igual, quiza un poco mejor, me encantar\u00eda decirte, pero es que&#8230;\u00bb, continu\u00f3 \u00e9l, sin dar un dato exacto. \u00abNo he encontrado respuestas de galanes del cine espa\u00f1ol que queden bien diciendo un dato alto. Si quiero posicionarme bien ah\u00ed y que me tomen en serio, <b>cualquier mamarrachada que suelte ahora mismo me va a hundir<\/b>. \u00abPrefiero quedar de soso aburrid\u00edn, que se pas\u00f3 de flipado\u00bb, a\u00f1adi\u00f3 a modo de justificaci\u00f3n.<\/p>\n<p class=\"c-paragraph\">\u00abMala primavera [&#8230;] <b>preocupaci\u00f3n por Maxi<\/b>, el segundo mes que pincha\u00bb, ironiz\u00f3 el presentador. \u00abMe acord\u00e9 de vosotros en Donosti\u00bb, aleg\u00f3 por su parte, para cambiar de tema. \u00abBuenos pinchos en Donosti\u00bb, le respondi\u00f3 Grison en torno de sorna.<\/p>\n","protected":false},"excerpt":{"rendered":"Maxi Iglesias ha cumplido con su palabra y ha vuelto a La Revuelta un mes despu\u00e9s de su&hellip;\n","protected":false},"author":2,"featured_media":583175,"comment_status":"","ping_status":"","sticky":false,"template":"","format":"standard","meta":{"footnotes":""},"categories":[171],"tags":[9029,146,147,25,24,6870,29956,21711,518,23,214],"class_list":["post-583174","post","type-post","status-publish","format-standard","has-post-thumbnail","category-tv","tag-david-broncano","tag-entertainment","tag-entretenimiento","tag-es","tag-espana","tag-la-1","tag-la-revuelta","tag-maxi-iglesias","tag-rtve","tag-spain","tag-tv"],"share_on_mastodon":{"url":"https:\/\/pubeurope.com\/@es\/116677379803057050","error":""},"_links":{"self":[{"href":"https:\/\/www.europesays.com\/es\/wp-json\/wp\/v2\/posts\/583174","targetHints":{"allow":["GET"]}}],"collection":[{"href":"https:\/\/www.europesays.com\/es\/wp-json\/wp\/v2\/posts"}],"about":[{"href":"https:\/\/www.europesays.com\/es\/wp-json\/wp\/v2\/types\/post"}],"author":[{"embeddable":true,"href":"https:\/\/www.europesays.com\/es\/wp-json\/wp\/v2\/users\/2"}],"replies":[{"embeddable":true,"href":"https:\/\/www.europesays.com\/es\/wp-json\/wp\/v2\/comments?post=583174"}],"version-history":[{"count":0,"href":"https:\/\/www.europesays.com\/es\/wp-json\/wp\/v2\/posts\/583174\/revisions"}],"wp:featuredmedia":[{"embeddable":true,"href":"https:\/\/www.europesays.com\/es\/wp-json\/wp\/v2\/media\/583175"}],"wp:attachment":[{"href":"https:\/\/www.europesays.com\/es\/wp-json\/wp\/v2\/media?parent=583174"}],"wp:term":[{"taxonomy":"category","embeddable":true,"href":"https:\/\/www.europesays.com\/es\/wp-json\/wp\/v2\/categories?post=583174"},{"taxonomy":"post_tag","embeddable":true,"href":"https:\/\/www.europesays.com\/es\/wp-json\/wp\/v2\/tags?post=583174"}],"curies":[{"name":"wp","href":"https:\/\/api.w.org\/{rel}","templated":true}]}}