{"id":58319,"date":"2025-08-19T16:48:09","date_gmt":"2025-08-19T16:48:09","guid":{"rendered":"https:\/\/www.europesays.com\/es\/58319\/"},"modified":"2025-08-19T16:48:09","modified_gmt":"2025-08-19T16:48:09","slug":"supervivientes-all-stars-2-acelera-y-anuncia-a-su-tercer-concursante-que-incumple-su-promesa","status":"publish","type":"post","link":"https:\/\/www.europesays.com\/es\/58319\/","title":{"rendered":"&#8216;Supervivientes All Stars 2&#8217; acelera y anuncia a su tercer concursante, que incumple su promesa"},"content":{"rendered":"<p class=\"article-text\">\n        <strong>Supervivientes All Stars<\/strong> acelera el \u201cgoteo\u201d de concursantes oficiales antes de su estreno en <strong>Telecinco<\/strong>. Si entre el primer nombre (<a href=\"https:\/\/www.eldiario.es\/vertele\/noticias\/supervivientes-all-stars-jessica-bueno-lista-concursantes-oficial-telecinco_1_12493791.html\" data-mrf-recirculation=\"links-noticia\" class=\"link\" rel=\"nofollow noopener\" target=\"_blank\">Jessica Bueno<\/a>, el 26 de julio) y el segundo (<a href=\"https:\/\/www.eldiario.es\/vertele\/noticias\/supervivientes-all-stars-anuncia-segunda-concursante-oficial-directa-plato-tardear_1_12542016.html\" data-mrf-recirculation=\"links-noticia\" class=\"link\" rel=\"nofollow noopener\" target=\"_blank\">Gloria Camila<\/a>, este lunes 18 de agosto) pasaron m\u00e1s de tres semanas, para el tercero s\u00f3lo ha habido que esperar un d\u00eda.\n    <\/p>\n<p>    <a href=\"https:\/\/www.eldiario.es\/noticias\/alba-carrillo-critica-polemicas-palabras-jovenes-isabel-rabago-son-falacia-mentira_1_12543089.html\" data-mrf-recirculation=\"saber-mas\" data-dl-event=\"saber-mas\" rel=\"nofollow noopener\" target=\"_blank\"><\/p>\n<p class=\"know-more__title\">Alba Carrillo critica las pol\u00e9micas palabras de Isabel R\u00e1bago sobre los j\u00f3venes: \u00abSon una falacia y una mentira\u00bb<\/p>\n<p>            <img decoding=\"async\" class=\"lazy\" loading=\"lazy\" data-src=\"https:\/\/static.eldiario.es\/clip\/bfe2666d-ee3d-49c5-8889-966cc0cf134f_16-9-aspect-ratio_default_0.jpg\" src=\"data:image\/svg+xml,%3Csvg xmlns=\" http:=\"\" viewbox=\"0 0 880 495\" alt=\"Alba Carrillo critica las pol\u00e9micas palabras de Isabel R\u00e1bago sobre los j\u00f3venes: &quot;Son una falacia y una mentira&quot;\"\/><\/p>\n<p>                        <\/a><\/p>\n<p class=\"article-text\">\n        Este martes 19, el reality de <strong>Mediaset <\/strong>ha desvelado que su tercer participante es <strong>Iv\u00e1n Gonz\u00e1lez<\/strong>, que tras darse a conocer en Mujeres y hombres y viceversa particip\u00f3 en la edici\u00f3n de Supervivientes del a\u00f1o <strong>2017<\/strong>, en la que coincidi\u00f3 con otra nueva compa\u00f1era como es Gloria Camila. En su caso, Gonz\u00e1lez qued\u00f3 en cuarto lugar, siendo el und\u00e9cimo expulsado y qued\u00e1ndose a las puertas de la final que protagonizaron Laura Matamoros, Alba Carrillo y el ganador Jos\u00e9 Luis Losa.\n    <\/p>\n<p class=\"article-text\">\n         De hecho, Iv\u00e1n Gonz\u00e1lez reconoce que <strong>incumple su promesa<\/strong>, como dice en su v\u00eddeo de presentaci\u00f3n: \u201cSoy uno m\u00e1s de los que dijeron &#8216;nunca m\u00e1s volver\u00e9&#8217;\u201d.\n    <\/p>\n<p class=\"article-text\">\n        Pese a ello, afirma que va \u201ca darlo todo\u201d y asegura que est\u00e1 \u201cfuerte f\u00edsicamente\u201d, pero todav\u00eda destaca m\u00e1s a nivel mental: \u201cS\u00e9 que voy a contar con vuestro apoyo, porque me lo demostr\u00e1is cada d\u00eda\u201d, ha dicho dirigi\u00e9ndose a sus seguidores.\n    <\/p>\n<p class=\"article-text\">\n        De hecho, demostrando su preocupaci\u00f3n por el &#8216;qu\u00e9 dir\u00e1n&#8217;, se ha dirigido a ellos: \u201cPor favor, cuando est\u00e9 nominado, cuando est\u00e9 llorando, diciendo que me quiero ir\u2026 realmente me conoc\u00e9is, yo no me quiero ir, lo que necesito es vuestro apoyo y que me demostr\u00e9is ese cari\u00f1o, que me d\u00e9 ese subid\u00f3n\u201d.\n    <\/p>\n<p>    <a href=\"https:\/\/www.eldiario.es\/vertele\/noticias\/cintora-volvio-malas-lenguas-rtve-seria-denuncia-incendios-tienes-jugarte-vida-cubo_1_12543218.html\" data-mrf-recirculation=\"saber-mas-abajo\" data-dl-event=\"saber-mas-abajo\" rel=\"nofollow noopener\" target=\"_blank\"><\/p>\n<p class=\"know-more__title\">Cintora volvi\u00f3 a &#8216;Malas lenguas&#8217; de RTVE con una seria denuncia de los incendios: \u201cTienes que jugarte la vida con un cubo\u201d<\/p>\n<p>            <img decoding=\"async\" class=\"lazy\" loading=\"lazy\" data-src=\"https:\/\/static.eldiario.es\/clip\/58392f8b-5a50-4b48-81ef-503a09992d3c_16-9-aspect-ratio_default_0.jpg\" src=\"data:image\/svg+xml,%3Csvg xmlns=\" http:=\"\" viewbox=\"0 0 880 495\" alt=\"Cintora volvi\u00f3 a 'Malas lenguas' de RTVE con una seria denuncia de los incendios: &quot;Tienes que jugarte la vida con un cubo&quot;\"\/><\/p>\n<p>                        <\/a><\/p>\n<p class=\"article-text\">\n        El nombre de Iv\u00e1n Gonz\u00e1lez, como el resto de la lista de robinsones, ya hab\u00eda sido desvelado por los medios, y ahora se confirma oficialmente.\n    <\/p>\n","protected":false},"excerpt":{"rendered":"Supervivientes All Stars acelera el \u201cgoteo\u201d de concursantes oficiales antes de su estreno en Telecinco. Si entre el&hellip;\n","protected":false},"author":2,"featured_media":58320,"comment_status":"","ping_status":"","sticky":false,"template":"","format":"standard","meta":{"footnotes":""},"categories":[91],"tags":[10903,14603,11286,4187,2884,146,147,25,24,24731,24732,7376,23,11287,3947,619],"class_list":{"0":"post-58319","1":"post","2":"type-post","3":"status-publish","4":"format-standard","5":"has-post-thumbnail","7":"category-entretenimiento","8":"tag-10903","9":"tag-acelera","10":"tag-all","11":"tag-anuncia","12":"tag-concursante","13":"tag-entertainment","14":"tag-entretenimiento","15":"tag-es","16":"tag-espana","17":"tag-incumple","18":"tag-ivan-gonzalez","19":"tag-promesa","20":"tag-spain","21":"tag-stars","22":"tag-supervivientes","23":"tag-tercer"},"share_on_mastodon":{"url":"","error":""},"_links":{"self":[{"href":"https:\/\/www.europesays.com\/es\/wp-json\/wp\/v2\/posts\/58319","targetHints":{"allow":["GET"]}}],"collection":[{"href":"https:\/\/www.europesays.com\/es\/wp-json\/wp\/v2\/posts"}],"about":[{"href":"https:\/\/www.europesays.com\/es\/wp-json\/wp\/v2\/types\/post"}],"author":[{"embeddable":true,"href":"https:\/\/www.europesays.com\/es\/wp-json\/wp\/v2\/users\/2"}],"replies":[{"embeddable":true,"href":"https:\/\/www.europesays.com\/es\/wp-json\/wp\/v2\/comments?post=58319"}],"version-history":[{"count":0,"href":"https:\/\/www.europesays.com\/es\/wp-json\/wp\/v2\/posts\/58319\/revisions"}],"wp:featuredmedia":[{"embeddable":true,"href":"https:\/\/www.europesays.com\/es\/wp-json\/wp\/v2\/media\/58320"}],"wp:attachment":[{"href":"https:\/\/www.europesays.com\/es\/wp-json\/wp\/v2\/media?parent=58319"}],"wp:term":[{"taxonomy":"category","embeddable":true,"href":"https:\/\/www.europesays.com\/es\/wp-json\/wp\/v2\/categories?post=58319"},{"taxonomy":"post_tag","embeddable":true,"href":"https:\/\/www.europesays.com\/es\/wp-json\/wp\/v2\/tags?post=58319"}],"curies":[{"name":"wp","href":"https:\/\/api.w.org\/{rel}","templated":true}]}}