{"id":583268,"date":"2026-06-02T00:32:28","date_gmt":"2026-06-02T00:32:28","guid":{"rendered":"https:\/\/www.europesays.com\/es\/583268\/"},"modified":"2026-06-02T00:32:28","modified_gmt":"2026-06-02T00:32:28","slug":"el-conseller-de-hacienda-rechaza-mas-aumento-salarial-a-los-profesores-hay-que-darles-600-euros-porque-ellos-quieran","status":"publish","type":"post","link":"https:\/\/www.europesays.com\/es\/583268\/","title":{"rendered":"El conseller de Hacienda rechaza m\u00e1s aumento salarial a los profesores: \u00ab\u00bfHay que darles 600 euros porque ellos quieran?\u00bb"},"content":{"rendered":"<p class=\"c-paragraph\"><b>El conseller de Hacienda,<\/b> Econom\u00eda y Administraci\u00f3n P\u00fablica,<b> Jos\u00e9 Antonio Rovira, <\/b>ha afirmado que<b> \u00abno es necesario\u00bb <\/b>un mayor aumento salarial para los <b>docentes de la Comunitat Valenciana, <\/b>que afrontan su cuarta semana de huelga indefinida, que el de <b>200 euros de subida progresiva<\/b> acordado entre la Conselleria de Educaci\u00f3n y los sindicatos ANPE y CSIF, que<b> STEPV, CCOO PV y UGT-PV rechazan <\/b>por considerar insuficiente. \u00ab\u00bfHay que darles 600 euros porque ellos quieran?\u00bb, se ha preguntado.<\/p>\n<p class=\"c-paragraph\">\u00abCon ese aumento de 200 euros que se habl\u00f3 <b>se convierten en los mejor pagados de toda Espa\u00f1a.<\/b> Yo creo que seguir pidiendo m\u00e1s es a lo mejor no querer llegar a acuerdos, que parece que es lo que se pretende\u00bb, ha dicho a preguntas de los periodistas sobre si hay margen para un mayor aumento salarial.<\/p>\n<p class=\"c-paragraph\">Rovira -conseller de Educaci\u00f3n entre mediados de 2023 y finales de 2025, hasta el cambio de gobierno en el Consell- ha defendido que <b>el aumento que se ha negociado con ANPE y CSIF<\/b> \u00absupone que los docentes valencianos sean de los mejor pagados de Espa\u00f1a\u00bb.<\/p>\n<p class=\"c-paragraph\">\u00abNo es aumentar por aumentar, esos aumentos hacen que nuestros docentes de entrada sean de los mejor pagados\u00bb, ha a\u00f1adido, y ha sostenido que \u00abla gran mayor\u00eda\u00bb de los docentes, <b>\u00abpr\u00e1cticamente el 70 por ciento, tienen tres o m\u00e1s sexenios de antig\u00fcedad<\/b>\u00ab.<\/p>\n<p class=\"c-paragraph\">Al ser cuestionado por si no ve posible un mayor aumento salarial, ha replicado: \u00abNo, si es que no es necesario. Si con 200 euros nos situamos a la cabeza de las comunidades mejor pagadas, \u00bfhay que darles 600 porque ellos quieran?\u00bb.<\/p>\n<p class=\"c-paragraph\">Y ha recalcado: \u00abTenemos que ser rigurosos. <b>Yo quiero que nuestros docentes sean de los mejor pagados de Espa\u00f1a<\/b>, pero tampoco tenemos que regalar el dinero ante exigencias\u00bb.<\/p>\n<p class=\"c-paragraph\">El titular de Hacienda ha realizado estas declaraciones en un acto sobre la campa\u00f1a presencial de la renta 2025, mientras las negociaciones entre la Conselleria de Educaci\u00f3n y los sindicatos STEPV, CCOO PV y UGT-PV siguen estancadas en el d\u00eda del inicio de la cuarta semana de<b> huelga indefinida en la educaci\u00f3n p\u00fablica <\/b>no universitaria valenciana, tras un domingo <b>muy tenso <\/b>en el departamento de Campanar y una ma\u00f1ana de nuevas movilizaciones en las calles de Valencia.<\/p>\n<p class=\"c-paragraph\">En la negociaci\u00f3n de este pasado domingo, el debate se encall\u00f3 en el punto de retribuciones, sobre el que el acuerdo firmado con CSIF y ANPE contempla una subida salarial de 200 euros en el complemento espec\u00edfico auton\u00f3mico: <b>75 euros en septiembre de 2026,<\/b> 75 euros en enero de 2027 y 50 euros en enero de 2028.<\/p>\n<p class=\"c-paragraph\">Los otros tres sindicatos han reclamado que se vuelva a poner sobre la mesa argumentando que es precisamente esta cuesti\u00f3n la m\u00e1s rechazada en la consulta que han realizado este fin de semana a los docentes. Defienden que<b> \u00abse tiene que reabrir para facilitar la firma de un acuerdo de bases,<\/b> necesario para poder ir cerrando el conflicto y que necesariamente requerir\u00e1 de posteriores desarrollos\u00bb.<\/p>\n","protected":false},"excerpt":{"rendered":"El conseller de Hacienda, Econom\u00eda y Administraci\u00f3n P\u00fablica, Jos\u00e9 Antonio Rovira, ha afirmado que \u00abno es necesario\u00bb un&hellip;\n","protected":false},"author":2,"featured_media":583269,"comment_status":"","ping_status":"","sticky":false,"template":"","format":"standard","meta":{"footnotes":""},"categories":[5],"tags":[17,18,25,24,13,14,2010,11,13181,19,20,9,10,15,16,2029,51098,23,12,21,22,11004],"class_list":["post-583268","post","type-post","status-publish","format-standard","has-post-thumbnail","category-titulares","tag-breaking-news","tag-breakingnews","tag-es","tag-espana","tag-featured-news","tag-featurednews","tag-generalitat","tag-headlines","tag-huelga","tag-latest-news","tag-latestnews","tag-news","tag-noticias","tag-noticias-destacadas","tag-noticiasdestacadas","tag-profesores","tag-rovira","tag-spain","tag-titulares","tag-ultimas-noticias","tag-ultimasnoticias","tag-valenciana"],"share_on_mastodon":{"url":"https:\/\/pubeurope.com\/@es\/116677702232061309","error":""},"_links":{"self":[{"href":"https:\/\/www.europesays.com\/es\/wp-json\/wp\/v2\/posts\/583268","targetHints":{"allow":["GET"]}}],"collection":[{"href":"https:\/\/www.europesays.com\/es\/wp-json\/wp\/v2\/posts"}],"about":[{"href":"https:\/\/www.europesays.com\/es\/wp-json\/wp\/v2\/types\/post"}],"author":[{"embeddable":true,"href":"https:\/\/www.europesays.com\/es\/wp-json\/wp\/v2\/users\/2"}],"replies":[{"embeddable":true,"href":"https:\/\/www.europesays.com\/es\/wp-json\/wp\/v2\/comments?post=583268"}],"version-history":[{"count":0,"href":"https:\/\/www.europesays.com\/es\/wp-json\/wp\/v2\/posts\/583268\/revisions"}],"wp:featuredmedia":[{"embeddable":true,"href":"https:\/\/www.europesays.com\/es\/wp-json\/wp\/v2\/media\/583269"}],"wp:attachment":[{"href":"https:\/\/www.europesays.com\/es\/wp-json\/wp\/v2\/media?parent=583268"}],"wp:term":[{"taxonomy":"category","embeddable":true,"href":"https:\/\/www.europesays.com\/es\/wp-json\/wp\/v2\/categories?post=583268"},{"taxonomy":"post_tag","embeddable":true,"href":"https:\/\/www.europesays.com\/es\/wp-json\/wp\/v2\/tags?post=583268"}],"curies":[{"name":"wp","href":"https:\/\/api.w.org\/{rel}","templated":true}]}}