{"id":583333,"date":"2026-06-02T01:35:17","date_gmt":"2026-06-02T01:35:17","guid":{"rendered":"https:\/\/www.europesays.com\/es\/583333\/"},"modified":"2026-06-02T01:35:17","modified_gmt":"2026-06-02T01:35:17","slug":"del-ovario-a-todo-el-organismo-por-que-debemos-dejar-atras-el-termino-sop","status":"publish","type":"post","link":"https:\/\/www.europesays.com\/es\/583333\/","title":{"rendered":"Del ovario a todo el organismo: por qu\u00e9 debemos dejar atr\u00e1s el t\u00e9rmino SOP"},"content":{"rendered":"<p>Durante a\u00f1os, millones de mujeres han convivido con s\u00edntomas aparentemente inconexos como reglas irregulares, acn\u00e9 persistente, aumento de peso, hinchaz\u00f3n abdominal, fatiga o dificultades para quedarse embarazadas. En muchos casos, estos problemas fueron abordados de forma aislada, sin una comprensi\u00f3n integral de la condici\u00f3n que los originaba.<\/p>\n<p><a target=\"_blank\" href=\"https:\/\/www.mundiario.com\/ads\/20260527123248388075\" rel=\"nofollow noopener\"> <img decoding=\"async\" src=\"https:\/\/www.europesays.com\/es\/wp-content\/uploads\/2026\/06\/2026052712311713885.jpg\" alt=\"Publicidad 388075\" width=\"300\" height=\"600\" loading=\"lazy\"\/> <\/a><\/p>\n<p>Ahora, un consenso internacional respaldado por m\u00e1s de 14.000 pacientes y profesionales sanitarios propone un cambio que podr\u00eda transformar la manera de entender uno de los trastornos hormonales m\u00e1s frecuentes entre las mujeres en edad reproductiva. El conocido <a target=\"_blank\" href=\"https:\/\/www.mundiario.com\/articulo\/salud\/cuando-internet-salva-vidas-lucha-infradiagnostico-sop\/20260402172655381130.html\" rel=\"nofollow noopener\">s\u00edndrome de ovario poliqu\u00edstico (SOP)<\/a> pasar\u00eda a denominarse s\u00edndrome de ovario metab\u00f3lico poliendocrino (SOMP), una nueva definici\u00f3n que busca reflejar con mayor precisi\u00f3n la complejidad de una enfermedad que va mucho m\u00e1s all\u00e1 de los ovarios.<\/p>\n<p>Una enfermedad frecuente, pero todav\u00eda infradiagnosticada<\/p>\n<p>Seg\u00fan estimaciones de la Organizaci\u00f3n Mundial de la Salud, alrededor del 70% de las mujeres que padecen este trastorno no saben que lo tienen. A escala global, afecta a unos 170 millones de mujeres, mientras que en Espa\u00f1a se calcula que conviven con esta condici\u00f3n entre 600.000 y un mill\u00f3n de mujeres en edad reproductiva.<\/p>\n<p>El s\u00edndrome constituye adem\u00e1s la causa m\u00e1s frecuente de anovulaci\u00f3n y una de las principales causas de infertilidad femenina.<\/p>\n<p>Un problema que nunca estuvo solo en los ovarios<\/p>\n<p>La nueva propuesta de nomenclatura responde a una realidad que la evidencia cient\u00edfica lleva a\u00f1os se\u00f1alando: el s\u00edndrome no es \u00fanicamente una enfermedad ginecol\u00f3gica.<\/p>\n<p><a target=\"_blank\" href=\"https:\/\/www.mundiario.com\/ads\/20260417125432382860\" rel=\"nofollow noopener\"> <img decoding=\"async\" src=\"https:\/\/www.europesays.com\/es\/wp-content\/uploads\/2026\/06\/2026041712515922147.jpg\" alt=\"Publicidad 382860\" width=\"300\" height=\"600\" loading=\"lazy\"\/> <\/a><\/p>\n<p>Las pacientes pueden presentar alteraciones hormonales y metab\u00f3licas que afectan al sistema endocrino, al control de la glucosa, al metabolismo energ\u00e9tico, al peso corporal e incluso al riesgo cardiovascular.<\/p>\n<p>Hoy se sabe que las mujeres que padecen este s\u00edndrome presentan una mayor predisposici\u00f3n a desarrollar diabetes tipo 2 y enfermedades cardiovasculares, factores que durante a\u00f1os quedaron en un segundo plano frente a los s\u00edntomas reproductivos.<\/p>\n<p>Seg\u00fan los especialistas, durante d\u00e9cadas predomin\u00f3 una visi\u00f3n parcial de esta condici\u00f3n, centrada principalmente en sus manifestaciones ginecol\u00f3gicas, lo que contribuy\u00f3 a una atenci\u00f3n fragmentada y a una menor comprensi\u00f3n de sus implicaciones metab\u00f3licas.<\/p>\n<p>El problema de un nombre que generaba confusi\u00f3n<\/p>\n<p>Otro de los argumentos que impulsa el cambio es que el t\u00e9rmino \u00abpoliqu\u00edstico\u00bb puede inducir a error.<\/p>\n<p>Los expertos recuerdan que la presencia de quistes no es un requisito imprescindible para el diagn\u00f3stico y que, en numerosas ocasiones, lo que se observaba en las ecograf\u00edas eran ovarios multifoliculares, una caracter\u00edstica que tambi\u00e9n puede aparecer en mujeres sin esta enfermedad.<\/p>\n<p>Esta circunstancia contribuy\u00f3 durante a\u00f1os a diagn\u00f3sticos imprecisos y a la percepci\u00f3n err\u00f3nea de que el trastorno se limitaba exclusivamente a los ovarios.<\/p>\n<p>La nueva denominaci\u00f3n pretende reflejar mejor el car\u00e1cter metab\u00f3lico y poliendocrino de una afecci\u00f3n que se manifiesta de forma diferente en cada paciente.<\/p>\n<p>Un abordaje m\u00e1s amplio y personalizado<\/p>\n<p>Los especialistas consideran que el cambio de definici\u00f3n puede favorecer un enfoque m\u00e1s integral de la enfermedad, incorporando tanto los s\u00edntomas reproductivos como los metab\u00f3licos.<\/p>\n<p>Actualmente existen tratamientos y estrategias terap\u00e9uticas orientadas a mejorar la sensibilidad a la insulina, controlar alteraciones metab\u00f3licas y adaptar la atenci\u00f3n a las necesidades espec\u00edficas de cada paciente, m\u00e1s all\u00e1 de la regulaci\u00f3n del ciclo menstrual.<\/p>\n<p>Este enfoque busca abordar no solo los s\u00edntomas visibles, sino tambi\u00e9n las causas subyacentes asociadas a la condici\u00f3n.<\/p>\n<p>Un cambio que trasciende lo sem\u00e1ntico<\/p>\n<p>Los expertos insisten en que la propuesta de sustituir SOP por SOMP no implica una transformaci\u00f3n inmediata de los tratamientos, pero s\u00ed representa un cambio relevante en la forma de entender la enfermedad.<\/p>\n<p>La denominaci\u00f3n influye en c\u00f3mo se investiga, c\u00f3mo se financian los estudios, c\u00f3mo se forman los profesionales sanitarios y c\u00f3mo las propias pacientes interpretan lo que les sucede.<\/p>\n<p>Por ello, consideran que utilizar una terminolog\u00eda m\u00e1s precisa puede contribuir a mejorar el diagn\u00f3stico precoz, facilitar una atenci\u00f3n multidisciplinar y favorecer una comprensi\u00f3n m\u00e1s completa de una condici\u00f3n que afecta a millones de mujeres.<\/p>\n<p>Un paso hacia una visi\u00f3n m\u00e1s completa de la salud femenina<\/p>\n<p>El cambio de s\u00edndrome de ovario poliqu\u00edstico a s\u00edndrome de ovario metab\u00f3lico poliendocrino simboliza una transformaci\u00f3n m\u00e1s profunda en la medicina.<\/p>\n<p>No se trata \u00fanicamente de modificar una etiqueta cl\u00ednica, sino de reconocer que muchas enfermedades femeninas han sido tradicionalmente abordadas desde perspectivas parciales que no siempre reflejaban toda su complejidad.<\/p>\n<p>La nueva definici\u00f3n busca alinear el lenguaje m\u00e9dico con la evidencia cient\u00edfica acumulada durante los \u00faltimos a\u00f1os y ofrecer una explicaci\u00f3n m\u00e1s fiel de la naturaleza de este trastorno.<\/p>\n<p>Para la comunidad cient\u00edfica, el cambio supone un intento de mejorar la comprensi\u00f3n, el diagn\u00f3stico y el abordaje de una condici\u00f3n que afecta a millones de mujeres en todo el mundo.\u00a0<a target=\"_blank\" href=\"https:\/\/twitter.com\/mundiario\" rel=\"nofollow noopener\">@mundiario<\/a><\/p>\n<p>                      <script async src=\"https:\/\/platform.twitter.com\/widgets.js\" charset=\"utf-8\"><\/script><\/p>\n","protected":false},"excerpt":{"rendered":"Durante a\u00f1os, millones de mujeres han convivido con s\u00edntomas aparentemente inconexos como reglas irregulares, acn\u00e9 persistente, aumento de&hellip;\n","protected":false},"author":2,"featured_media":583334,"comment_status":"","ping_status":"","sticky":false,"template":"","format":"standard","meta":{"footnotes":""},"categories":[92],"tags":[25,24,165,166,106780,87359,23],"class_list":["post-583333","post","type-post","status-publish","format-standard","has-post-thumbnail","category-salud","tag-es","tag-espana","tag-health","tag-salud","tag-sindrome-de-ovario-poliquistico","tag-sop","tag-spain"],"share_on_mastodon":{"url":"https:\/\/pubeurope.com\/@es\/116677950754292206","error":""},"_links":{"self":[{"href":"https:\/\/www.europesays.com\/es\/wp-json\/wp\/v2\/posts\/583333","targetHints":{"allow":["GET"]}}],"collection":[{"href":"https:\/\/www.europesays.com\/es\/wp-json\/wp\/v2\/posts"}],"about":[{"href":"https:\/\/www.europesays.com\/es\/wp-json\/wp\/v2\/types\/post"}],"author":[{"embeddable":true,"href":"https:\/\/www.europesays.com\/es\/wp-json\/wp\/v2\/users\/2"}],"replies":[{"embeddable":true,"href":"https:\/\/www.europesays.com\/es\/wp-json\/wp\/v2\/comments?post=583333"}],"version-history":[{"count":0,"href":"https:\/\/www.europesays.com\/es\/wp-json\/wp\/v2\/posts\/583333\/revisions"}],"wp:featuredmedia":[{"embeddable":true,"href":"https:\/\/www.europesays.com\/es\/wp-json\/wp\/v2\/media\/583334"}],"wp:attachment":[{"href":"https:\/\/www.europesays.com\/es\/wp-json\/wp\/v2\/media?parent=583333"}],"wp:term":[{"taxonomy":"category","embeddable":true,"href":"https:\/\/www.europesays.com\/es\/wp-json\/wp\/v2\/categories?post=583333"},{"taxonomy":"post_tag","embeddable":true,"href":"https:\/\/www.europesays.com\/es\/wp-json\/wp\/v2\/tags?post=583333"}],"curies":[{"name":"wp","href":"https:\/\/api.w.org\/{rel}","templated":true}]}}