{"id":583664,"date":"2026-06-02T06:32:12","date_gmt":"2026-06-02T06:32:12","guid":{"rendered":"https:\/\/www.europesays.com\/es\/583664\/"},"modified":"2026-06-02T06:32:12","modified_gmt":"2026-06-02T06:32:12","slug":"la-unica-cancion-escrita-por-paul-mccartney-y-george-harrison","status":"publish","type":"post","link":"https:\/\/www.europesays.com\/es\/583664\/","title":{"rendered":"La \u00fanica canci\u00f3n escrita por Paul McCartney y George Harrison"},"content":{"rendered":"<p class=\"wp-block-paragraph\">El 20 de noviembre de 1995, <strong>Paul McCartney<\/strong>, <strong>George<\/strong>\u00a0<strong>Harrison<\/strong> y <a href=\"https:\/\/indiehoy.com\/historias\/como-se-conocieron-the-beatles-y-ringo-starr\/\" target=\"_blank\" rel=\"noreferrer noopener nofollow\">Ringo Starr<\/a> decidieron lanzar Anthology 1, un \u00e1lbum recopilatorio de m\u00fasica de los <strong>Beatles<\/strong> que fue integrado por rarezas, tomas descartadas y actuaciones en vivo del per\u00edodo entre 1958 y 1964, incluyendo canciones con el bajista original Stuart Sutcliffe y el baterista Pete Best. <\/p>\n<p class=\"wp-block-paragraph\">Entre las 60 pistas que lo integraron se encuentra \u201c<strong>In Spite of All the Danger<\/strong>\u201d, canci\u00f3n que data de los a\u00f1os en los que Paul, George y <a href=\"https:\/\/indiehoy.com\/historias\/john-lennon-disco-casi-lo-arruina\/\" target=\"_blank\" rel=\"noreferrer noopener nofollow\">John Lennon<\/a> formaban parte de <strong>The Quarrymen<\/strong>, el grupo que antecedi\u00f3 a los Beatles.<\/p>\n<p class=\"wp-block-paragraph\">La grabaci\u00f3n del tema se realiz\u00f3 en el estudio casero de Percy Phillips en Liverpool. Adem\u00e1s de ser la primera canci\u00f3n que los muchachos de Liverpool grabaron profesionalmente, <strong>\u201cIn Spite of All the Danger\u201d tambi\u00e9n se destaca del resto de las obras de los Fab Four al ser la \u00fanica escrita por <a href=\"https:\/\/indiehoy.com\/historias\/george-harrison-cancion-the-beatles-llamo-extrana-y-estupida\/\" target=\"_blank\" rel=\"noreferrer noopener nofollow\">Harrison<\/a> y <a href=\"https:\/\/indiehoy.com\/historias\/cancion-escribio-paul-mccartney-la-rechazo-tom-jones-y-la-cantaron-los-beatles\/\" target=\"_blank\" rel=\"noreferrer noopener nofollow\">McCartney<\/a><\/strong>, siendo este \u00faltimo el que luego tomar\u00eda las riendas de la composici\u00f3n junto a Lennon.<\/p>\n","protected":false},"excerpt":{"rendered":"El 20 de noviembre de 1995, Paul McCartney, George\u00a0Harrison y Ringo Starr decidieron lanzar Anthology 1, un \u00e1lbum&hellip;\n","protected":false},"author":2,"featured_media":583665,"comment_status":"","ping_status":"","sticky":false,"template":"","format":"standard","meta":{"footnotes":""},"categories":[170],"tags":[146,147,25,24,14966,184,185,9030,23,6620],"class_list":["post-583664","post","type-post","status-publish","format-standard","has-post-thumbnail","category-musica","tag-entertainment","tag-entretenimiento","tag-es","tag-espana","tag-george-harrison","tag-music","tag-musica","tag-paul-mccartney","tag-spain","tag-the-beatles"],"share_on_mastodon":{"url":"https:\/\/pubeurope.com\/@es\/116679117953882419","error":""},"_links":{"self":[{"href":"https:\/\/www.europesays.com\/es\/wp-json\/wp\/v2\/posts\/583664","targetHints":{"allow":["GET"]}}],"collection":[{"href":"https:\/\/www.europesays.com\/es\/wp-json\/wp\/v2\/posts"}],"about":[{"href":"https:\/\/www.europesays.com\/es\/wp-json\/wp\/v2\/types\/post"}],"author":[{"embeddable":true,"href":"https:\/\/www.europesays.com\/es\/wp-json\/wp\/v2\/users\/2"}],"replies":[{"embeddable":true,"href":"https:\/\/www.europesays.com\/es\/wp-json\/wp\/v2\/comments?post=583664"}],"version-history":[{"count":0,"href":"https:\/\/www.europesays.com\/es\/wp-json\/wp\/v2\/posts\/583664\/revisions"}],"wp:featuredmedia":[{"embeddable":true,"href":"https:\/\/www.europesays.com\/es\/wp-json\/wp\/v2\/media\/583665"}],"wp:attachment":[{"href":"https:\/\/www.europesays.com\/es\/wp-json\/wp\/v2\/media?parent=583664"}],"wp:term":[{"taxonomy":"category","embeddable":true,"href":"https:\/\/www.europesays.com\/es\/wp-json\/wp\/v2\/categories?post=583664"},{"taxonomy":"post_tag","embeddable":true,"href":"https:\/\/www.europesays.com\/es\/wp-json\/wp\/v2\/tags?post=583664"}],"curies":[{"name":"wp","href":"https:\/\/api.w.org\/{rel}","templated":true}]}}