{"id":58380,"date":"2025-08-19T17:26:10","date_gmt":"2025-08-19T17:26:10","guid":{"rendered":"https:\/\/www.europesays.com\/es\/58380\/"},"modified":"2025-08-19T17:26:10","modified_gmt":"2025-08-19T17:26:10","slug":"la-emocionante-pedida-y-la-reaccion-de-su-familia","status":"publish","type":"post","link":"https:\/\/www.europesays.com\/es\/58380\/","title":{"rendered":"la emocionante pedida y la reacci\u00f3n de su familia"},"content":{"rendered":"<p id=\"e58D30BPY-\" data-wc=\"137\">La familia de Paco J\u00e9mez se va de boda. <strong>Nadia, la hija del exfutbolista y entrenador y de la modelo Vaneska Rocha, ha anunciado su boda con su chico, Miguel Otero.<\/strong> La influencer, que particip\u00f3 hace tres a\u00f1os en<a class=\"hm-link\" href=\"https:\/\/www.hola.com\/actualidad\/20220930218231\/raque-lozano-pesadilla-paraiso-concursante-al\/\" data-mrf-recirculation=\"article-body-link\" rel=\"nofollow noopener\" target=\"_blank\">\u00a0el reality Pesadilla en el para\u00edso<\/a>, ha mostrado todos los detalles de una pedida de mano que ella ya ve\u00eda venir. Tal y como se puede ver en los v\u00eddeos que ha compartido, Nadia sospechaba que su novio quer\u00eda pedirle matrimonio cuando le llev\u00f3 a un rom\u00e1ntico restaurante, pese a que \u00e9l llevaba muletas. Cuando lleg\u00f3 el gran momento, la creadora de contenido, que cuenta con 350.000 seguidores, no pod\u00eda parar de llorar. Nadia, de 25 a\u00f1os, tambi\u00e9n ha mostrado c\u00f3mo ha reaccionado su familia y ha presumido de anillo. No te pierdas los detalles en este v\u00eddeo.\u00a0<\/p>\n","protected":false},"excerpt":{"rendered":"La familia de Paco J\u00e9mez se va de boda. Nadia, la hija del exfutbolista y entrenador y de&hellip;\n","protected":false},"author":2,"featured_media":58381,"comment_status":"","ping_status":"","sticky":false,"template":"","format":"standard","meta":{"footnotes":""},"categories":[174],"tags":[517,255,146,147,25,24,256,2183,23],"class_list":{"0":"post-58380","1":"post","2":"type-post","3":"status-publish","4":"format-standard","5":"has-post-thumbnail","7":"category-famosos","8":"tag-actualidad","9":"tag-celebrities","10":"tag-entertainment","11":"tag-entretenimiento","12":"tag-es","13":"tag-espana","14":"tag-famosos","15":"tag-influencers","16":"tag-spain"},"share_on_mastodon":{"url":"","error":""},"_links":{"self":[{"href":"https:\/\/www.europesays.com\/es\/wp-json\/wp\/v2\/posts\/58380","targetHints":{"allow":["GET"]}}],"collection":[{"href":"https:\/\/www.europesays.com\/es\/wp-json\/wp\/v2\/posts"}],"about":[{"href":"https:\/\/www.europesays.com\/es\/wp-json\/wp\/v2\/types\/post"}],"author":[{"embeddable":true,"href":"https:\/\/www.europesays.com\/es\/wp-json\/wp\/v2\/users\/2"}],"replies":[{"embeddable":true,"href":"https:\/\/www.europesays.com\/es\/wp-json\/wp\/v2\/comments?post=58380"}],"version-history":[{"count":0,"href":"https:\/\/www.europesays.com\/es\/wp-json\/wp\/v2\/posts\/58380\/revisions"}],"wp:featuredmedia":[{"embeddable":true,"href":"https:\/\/www.europesays.com\/es\/wp-json\/wp\/v2\/media\/58381"}],"wp:attachment":[{"href":"https:\/\/www.europesays.com\/es\/wp-json\/wp\/v2\/media?parent=58380"}],"wp:term":[{"taxonomy":"category","embeddable":true,"href":"https:\/\/www.europesays.com\/es\/wp-json\/wp\/v2\/categories?post=58380"},{"taxonomy":"post_tag","embeddable":true,"href":"https:\/\/www.europesays.com\/es\/wp-json\/wp\/v2\/tags?post=58380"}],"curies":[{"name":"wp","href":"https:\/\/api.w.org\/{rel}","templated":true}]}}