{"id":583839,"date":"2026-06-02T08:50:25","date_gmt":"2026-06-02T08:50:25","guid":{"rendered":"https:\/\/www.europesays.com\/es\/583839\/"},"modified":"2026-06-02T08:50:25","modified_gmt":"2026-06-02T08:50:25","slug":"slayer-regresara-a-colombia-para-celebrar-los-40-anos-de-reign-in-blood","status":"publish","type":"post","link":"https:\/\/www.europesays.com\/es\/583839\/","title":{"rendered":"Slayer regresar\u00e1 a Colombia para celebrar los 40 a\u00f1os de Reign in Blood"},"content":{"rendered":"<p>Slayer, una de las bandas m\u00e1s importantes en la historia del thrash metal, regresar\u00e1 a Colombia el pr\u00f3ximo 5 de diciembre para celebrar los 40 a\u00f1os de Reign in Blood, el \u00e1lbum que revolucion\u00f3 el metal extremo y se convirti\u00f3 en una de las obras m\u00e1s influyentes del g\u00e9nero.<\/p>\n<p>La agrupaci\u00f3n estadounidense llegar\u00e1 a Bogot\u00e1 con un espect\u00e1culo especial en el que interpretar\u00e1 en su totalidad este disco, reconocido por redefinir los l\u00edmites de la velocidad, la agresividad y la potencia sonora en la m\u00fasica pesada. Canciones como Angel of Death, Raining Blood y Postmortem har\u00e1n parte de una noche que promete quedar en la memoria de los seguidores del metal en el pa\u00eds.<\/p>\n<p>El concierto contar\u00e1, adem\u00e1s, con la participaci\u00f3n especial de Kreator, banda alemana considerada uno de los referentes m\u00e1s importantes de la escena metal europea. La cuota nacional estar\u00e1 a cargo de Ultra Legends, agrupaci\u00f3n encargada de abrir una jornada que reunir\u00e1 a distintas generaciones de fan\u00e1ticos alrededor de una de las producciones m\u00e1s relevantes en la historia del metal.<\/p>\n<p>Move Concerts, empresa organizadora del evento, fue tambi\u00e9n la encargada de traer por primera vez a Slayer a Colombia en 2006 y de gestionar su regreso en 2011, dos presentaciones que quedaron marcadas en la memoria de los seguidores del g\u00e9nero. Ahora, la celebraci\u00f3n de las cuatro d\u00e9cadas de Reign in Blood se perfila como uno de los conciertos m\u00e1s esperados por los fan\u00e1ticos colombianos.<\/p>\n<p>Las entradas estar\u00e1n disponibles a trav\u00e9s de Ticketmaster. La preventa artista iniciar\u00e1 el lunes 1 de junio a las 10:00 a. m.; la preventa exclusiva Banco Falabella, correspondiente a 70% del aforo, comenzar\u00e1 el martes 2 de junio a las 10:00 a. m.; y la venta general se abrir\u00e1 el jueves 4 de junio a las 10:00 a. m.<\/p>\n","protected":false},"excerpt":{"rendered":"Slayer, una de las bandas m\u00e1s importantes en la historia del thrash metal, regresar\u00e1 a Colombia el pr\u00f3ximo&hellip;\n","protected":false},"author":2,"featured_media":583840,"comment_status":"","ping_status":"","sticky":false,"template":"","format":"standard","meta":{"footnotes":""},"categories":[170],"tags":[7239,4952,10737,3288,10740,3903,10738,10734,209,634,10736,10735,146,10744,147,25,24,10743,10742,1671,2893,7531,9416,10745,1023,184,185,166,10741,23,10739,5535,4664],"class_list":["post-583839","post","type-post","status-publish","format-standard","has-post-thumbnail","category-musica","tag-agro","tag-ambiente","tag-automotor","tag-bancos","tag-bolsas","tag-comercio","tag-comunicaciones","tag-construccin","tag-cultura","tag-deporte","tag-educacin","tag-energa-y-minas","tag-entertainment","tag-entretenimento","tag-entretenimiento","tag-es","tag-espana","tag-espectculos","tag-gastronoma","tag-hacienda","tag-industria","tag-judicial","tag-laboral","tag-legislacin-marcas","tag-moda","tag-music","tag-musica","tag-salud","tag-seguros","tag-spain","tag-tecnologa","tag-transporte","tag-turismo"],"share_on_mastodon":{"url":"https:\/\/pubeurope.com\/@es\/116679660562464045","error":""},"_links":{"self":[{"href":"https:\/\/www.europesays.com\/es\/wp-json\/wp\/v2\/posts\/583839","targetHints":{"allow":["GET"]}}],"collection":[{"href":"https:\/\/www.europesays.com\/es\/wp-json\/wp\/v2\/posts"}],"about":[{"href":"https:\/\/www.europesays.com\/es\/wp-json\/wp\/v2\/types\/post"}],"author":[{"embeddable":true,"href":"https:\/\/www.europesays.com\/es\/wp-json\/wp\/v2\/users\/2"}],"replies":[{"embeddable":true,"href":"https:\/\/www.europesays.com\/es\/wp-json\/wp\/v2\/comments?post=583839"}],"version-history":[{"count":0,"href":"https:\/\/www.europesays.com\/es\/wp-json\/wp\/v2\/posts\/583839\/revisions"}],"wp:featuredmedia":[{"embeddable":true,"href":"https:\/\/www.europesays.com\/es\/wp-json\/wp\/v2\/media\/583840"}],"wp:attachment":[{"href":"https:\/\/www.europesays.com\/es\/wp-json\/wp\/v2\/media?parent=583839"}],"wp:term":[{"taxonomy":"category","embeddable":true,"href":"https:\/\/www.europesays.com\/es\/wp-json\/wp\/v2\/categories?post=583839"},{"taxonomy":"post_tag","embeddable":true,"href":"https:\/\/www.europesays.com\/es\/wp-json\/wp\/v2\/tags?post=583839"}],"curies":[{"name":"wp","href":"https:\/\/api.w.org\/{rel}","templated":true}]}}