{"id":583962,"date":"2026-06-02T10:25:15","date_gmt":"2026-06-02T10:25:15","guid":{"rendered":"https:\/\/www.europesays.com\/es\/583962\/"},"modified":"2026-06-02T10:25:15","modified_gmt":"2026-06-02T10:25:15","slug":"hoy-en-netflix-esta-pelicula-de-fantasia-que-tardo-23-anos-en-realizarse-fue-un-rotundo-fracaso-en-su-estreno-pero-un-exito-en-streaming-noticias-de-cine","status":"publish","type":"post","link":"https:\/\/www.europesays.com\/es\/583962\/","title":{"rendered":"Hoy en Netflix: Esta pel\u00edcula de fantas\u00eda, que tard\u00f3 23 a\u00f1os en realizarse, fue un rotundo fracaso en su estreno, pero un \u00e9xito en &#8216;streaming&#8217; &#8211; Noticias de cine"},"content":{"rendered":"<p class=\"bo-p\">La franquicia del Warcraft naci\u00f3n en 1993 con su primer videojuego desarrollado por Blizzard Entertainment. Su \u00e9xito impuls\u00f3 r\u00e1pidamente nuevas entregas como Warcraft II (1995) y Warcraft III (2002), consolidando un universo de fantas\u00eda \u00e9pica que m\u00e1s tarde se expand\u00eda con el fen\u00f3meno global del juego online World of Warcraft (2004), que a\u00fan hoy contin\u00faa recibiendo expansiones.<\/p>\n<p class=\"bo-p\">El enorme impacto de esta saga en el mundo del videojuego llev\u00f3 inevitablemente a su adaptaci\u00f3n cinematogr\u00e1fica, que<b> lleg\u00f3 en 2016 bajo el t\u00edtulo <\/b><a href=\"https:\/\/www.sensacine.com\/peliculas\/pelicula-129526\/\" class=\"bo-link\" rel=\"nofollow noopener\" target=\"_blank\"><b>Warcraft: El origen<\/b><\/a><b>. <\/b>Sin embargo, pese a las expectativas, la pel\u00edcula no logr\u00f3 el \u00e9xito esperado en Estados Unidos y fue considerada un fracaso en su estreno.<\/p>\n<p class=\"bo-p\">Pero con el tiempo ha encontrado una segunda vida en plataformas de streaming, como en Netflix. La historia se centra en el conflicto entre el reino humano de Azeroth y los orcos que invaden su territorio.<\/p>\n<p class=\"bo-p\">En medio de esta guerra, destacan dos figuras clave: Anduin Lothar (<a href=\"https:\/\/www.sensacine.com\/actores\/actor-104885\/\" class=\"bo-link\" rel=\"nofollow noopener\" target=\"_blank\">Travis Fimmel<\/a>), comandante del ej\u00e9rcito humano de Ventormenta, y Durotan (<a href=\"https:\/\/www.sensacine.com\/actores\/actor-101335\/\" class=\"bo-link\" rel=\"nofollow noopener\" target=\"_blank\">Tobby Kebbel<\/a>), jefe de la tribu orca de los Lobo G\u00e9lido. Aunque pertenecen a bandos enfrentados, ambos acaban comprendiendo que deber\u00e1n colaborar para hacer frente a una amenaza mayor y m\u00e1s peligrosa.<\/p>\n<p class=\"bo-p\">La direcci\u00f3n est\u00e1 a cargo de <a href=\"https:\/\/www.sensacine.com\/actores\/actor-223584\/\" class=\"bo-link\" rel=\"nofollow noopener\" target=\"_blank\">Duncan Jones<\/a>, director brit\u00e1nico e hijo del m\u00fasico <a href=\"https:\/\/www.sensacine.com\/actores\/actor-751\/\" class=\"bo-link\" rel=\"nofollow noopener\" target=\"_blank\">David Bowie<\/a> y <a href=\"https:\/\/www.sensacine.com\/actores\/actor-89883\/\" class=\"bo-link\" rel=\"nofollow noopener\" target=\"_blank\">Angela Bowie. <\/a>Jones ya hab\u00eda sido aclamado por sus trabajos previos en ciencia ficci\u00f3n como <a href=\"https:\/\/www.sensacine.com\/peliculas\/pelicula-136189\/\" class=\"bo-link\" rel=\"nofollow noopener\" target=\"_blank\">Moon<\/a> o <a href=\"https:\/\/www.sensacine.com\/peliculas\/pelicula-175053\/\" class=\"bo-link\" rel=\"nofollow noopener\" target=\"_blank\">C\u00f3digo fuente,<\/a> lo que le convirti\u00f3 en una elecci\u00f3n ideal.<\/p>\n<p>    <a class=\"cms-see-also\" data-title=\"Link relacionado\" href=\"https:\/\/www.sensacine.com\/noticias\/series\/noticia-1000206615\/\" rel=\"nofollow noopener\" target=\"_blank\">Solo quedan 3 semanas para lo que ser\u00e1 el evento de fantas\u00eda del a\u00f1o: \u201cEsta temporada ser\u00e1 muy \u00e9pica\u201d<\/a><\/p>\n<p class=\"bo-p\">La producci\u00f3n de Warcraft se caracteriz\u00f3 por un uso intensivo de efectos especiales y tecnolog\u00eda de captura de movimiento, lo que implic\u00f3 un proceso de desarrollo largo y exigente. Duncan Jones <b>lleg\u00f3 a supervisar el proyecto durante m\u00e1s de tres a\u00f1os.<\/b><\/p>\n<p class=\"bo-p\">Recuerda que puedes disfrutar de Warcraft en Netflix.<\/p>\n","protected":false},"excerpt":{"rendered":"La franquicia del Warcraft naci\u00f3n en 1993 con su primer videojuego desarrollado por Blizzard Entertainment. Su \u00e9xito impuls\u00f3&hellip;\n","protected":false},"author":2,"featured_media":583963,"comment_status":"","ping_status":"","sticky":false,"template":"","format":"standard","meta":{"footnotes":""},"categories":[169],"tags":[177,146,147,25,24,10962,176,175,152,1257,23,111023],"class_list":["post-583962","post","type-post","status-publish","format-standard","has-post-thumbnail","category-cine","tag-cine","tag-entertainment","tag-entretenimiento","tag-es","tag-espana","tag-fantasia","tag-film","tag-movies","tag-netflix","tag-pelicula","tag-spain","tag-warcraft"],"share_on_mastodon":{"url":"https:\/\/pubeurope.com\/@es\/116680034104454607","error":""},"_links":{"self":[{"href":"https:\/\/www.europesays.com\/es\/wp-json\/wp\/v2\/posts\/583962","targetHints":{"allow":["GET"]}}],"collection":[{"href":"https:\/\/www.europesays.com\/es\/wp-json\/wp\/v2\/posts"}],"about":[{"href":"https:\/\/www.europesays.com\/es\/wp-json\/wp\/v2\/types\/post"}],"author":[{"embeddable":true,"href":"https:\/\/www.europesays.com\/es\/wp-json\/wp\/v2\/users\/2"}],"replies":[{"embeddable":true,"href":"https:\/\/www.europesays.com\/es\/wp-json\/wp\/v2\/comments?post=583962"}],"version-history":[{"count":0,"href":"https:\/\/www.europesays.com\/es\/wp-json\/wp\/v2\/posts\/583962\/revisions"}],"wp:featuredmedia":[{"embeddable":true,"href":"https:\/\/www.europesays.com\/es\/wp-json\/wp\/v2\/media\/583963"}],"wp:attachment":[{"href":"https:\/\/www.europesays.com\/es\/wp-json\/wp\/v2\/media?parent=583962"}],"wp:term":[{"taxonomy":"category","embeddable":true,"href":"https:\/\/www.europesays.com\/es\/wp-json\/wp\/v2\/categories?post=583962"},{"taxonomy":"post_tag","embeddable":true,"href":"https:\/\/www.europesays.com\/es\/wp-json\/wp\/v2\/tags?post=583962"}],"curies":[{"name":"wp","href":"https:\/\/api.w.org\/{rel}","templated":true}]}}