{"id":583980,"date":"2026-06-02T10:38:17","date_gmt":"2026-06-02T10:38:17","guid":{"rendered":"https:\/\/www.europesays.com\/es\/583980\/"},"modified":"2026-06-02T10:38:17","modified_gmt":"2026-06-02T10:38:17","slug":"sabalenka-toma-el-mando-de-roland-garros","status":"publish","type":"post","link":"https:\/\/www.europesays.com\/es\/583980\/","title":{"rendered":"Sabalenka toma el mando de Roland Garros"},"content":{"rendered":"<p class=\"ft-text\">La n\u00famero uno del mundo, <strong>Aryna Sabalenka<\/strong>, contin\u00faa avanzando con paso firme en <strong>Roland Garros<\/strong>. La bielorrusa sell\u00f3 este lunes su clasificaci\u00f3n para los cuartos de final por cuarta edici\u00f3n consecutiva tras imponerse a <strong>Naomi Osaka<\/strong> por 7-5 y 6-3.<\/p>\n<p class=\"ft-text\">La finalista de la pasada edici\u00f3n volvi\u00f3 a demostrar por qu\u00e9 parte como la principal favorita al t\u00edtulo en Par\u00eds, especialmente despu\u00e9s de las eliminaciones de la vigente campeona, <strong>Coco Gauff<\/strong>, y de la cuatro veces ganadora del torneo, <strong>Iga Swiatek<\/strong>.<\/p>\n<p class=\"ft-text\">Sabalenka tuvo que emplearse a fondo ante una Osaka que firm\u00f3 su mejor actuaci\u00f3n sobre tierra batida y que lleg\u00f3 a discutirle el control del partido durante buena parte del primer set. Sin embargo, la l\u00edder del ranking volvi\u00f3 a mostrar su solidez en los momentos decisivos para encarrilar el triunfo y mantener intacto un dato que refuerza su candidatura: todav\u00eda no ha cedido ning\u00fan set en el torneo.<\/p>\n<p class=\"ft-text\">La bielorrusa sigue as\u00ed en busca del quinto Grand Slam de su carrera y mantiene vivo el objetivo de conquistar por primera vez la corona parisina.<\/p>\n<p class=\"ft-text\">Su pr\u00f3xima rival ser\u00e1 <strong>Diana Shnaider<\/strong>, una de las grandes sorpresas del cuadro femenino. La rusa alcanz\u00f3 por primera vez los cuartos de final de Roland Garros tras derrotar a la estadounidense <strong>Madison Keys<\/strong> por 6-3, 3-6 y 6-0.<\/p>\n<p class=\"ft-text\">Shnaider, que contin\u00faa firmando el mejor Grand Slam de su carrera, tendr\u00e1 ahora la dif\u00edcil misi\u00f3n de frenar a una Sabalenka que se ha convertido en la principal referencia del cuadro femenino tras las inesperadas eliminaciones de varias de las grandes favoritas.<\/p>\n","protected":false},"excerpt":{"rendered":"La n\u00famero uno del mundo, Aryna Sabalenka, contin\u00faa avanzando con paso firme en Roland Garros. La bielorrusa sell\u00f3&hellip;\n","protected":false},"author":2,"featured_media":583981,"comment_status":"","ping_status":"","sticky":false,"template":"","format":"standard","meta":{"footnotes":""},"categories":[274],"tags":[168,25,24,20585,6044,23,167,327,326],"class_list":["post-583980","post","type-post","status-publish","format-standard","has-post-thumbnail","category-tenis","tag-deportes","tag-es","tag-espana","tag-roland-garros","tag-sabalenka","tag-spain","tag-sports","tag-tenis","tag-tennis"],"share_on_mastodon":{"url":"https:\/\/pubeurope.com\/@es\/116680085519849068","error":""},"_links":{"self":[{"href":"https:\/\/www.europesays.com\/es\/wp-json\/wp\/v2\/posts\/583980","targetHints":{"allow":["GET"]}}],"collection":[{"href":"https:\/\/www.europesays.com\/es\/wp-json\/wp\/v2\/posts"}],"about":[{"href":"https:\/\/www.europesays.com\/es\/wp-json\/wp\/v2\/types\/post"}],"author":[{"embeddable":true,"href":"https:\/\/www.europesays.com\/es\/wp-json\/wp\/v2\/users\/2"}],"replies":[{"embeddable":true,"href":"https:\/\/www.europesays.com\/es\/wp-json\/wp\/v2\/comments?post=583980"}],"version-history":[{"count":0,"href":"https:\/\/www.europesays.com\/es\/wp-json\/wp\/v2\/posts\/583980\/revisions"}],"wp:featuredmedia":[{"embeddable":true,"href":"https:\/\/www.europesays.com\/es\/wp-json\/wp\/v2\/media\/583981"}],"wp:attachment":[{"href":"https:\/\/www.europesays.com\/es\/wp-json\/wp\/v2\/media?parent=583980"}],"wp:term":[{"taxonomy":"category","embeddable":true,"href":"https:\/\/www.europesays.com\/es\/wp-json\/wp\/v2\/categories?post=583980"},{"taxonomy":"post_tag","embeddable":true,"href":"https:\/\/www.europesays.com\/es\/wp-json\/wp\/v2\/tags?post=583980"}],"curies":[{"name":"wp","href":"https:\/\/api.w.org\/{rel}","templated":true}]}}