{"id":584025,"date":"2026-06-02T11:07:24","date_gmt":"2026-06-02T11:07:24","guid":{"rendered":"https:\/\/www.europesays.com\/es\/584025\/"},"modified":"2026-06-02T11:07:24","modified_gmt":"2026-06-02T11:07:24","slug":"escultura-ribeira-el-percebe-gigante-de-piedra-con-el-que-un-artista-de-ribeira-gano-un-concurso-de-canteria-en-galicia","status":"publish","type":"post","link":"https:\/\/www.europesays.com\/es\/584025\/","title":{"rendered":"ESCULTURA RIBEIRA | El percebe gigante de piedra con el que un artista de Ribeira gan\u00f3 un concurso de canter\u00eda en Galicia"},"content":{"rendered":"<p class=\"ft-text\">La quinta edici\u00f3n del <strong>Certame de <\/strong><a class=\"ft-link ft-link--decoration\" href=\"https:\/\/www.elcorreogallego.es\/galicia\/2024\/06\/24\/cinceles-gallegos-dan-vuelta-mundo-104186646.html\" rel=\"nofollow noopener\" target=\"_blank\"><strong>Canteiros <\/strong><\/a><strong>\u00c1urea Palacio de Sober<\/strong> se celebr\u00f3 el pasado fin de semana en los jardines del <strong>Hotel \u00c1urea Palacio de Sober<\/strong>, propiedad de Eurostars Hotel Company. Los ocho participantes deb\u00edan inspirarse en los oficios tradicionales de Galicia para tallar sus obras, y tres de ellos resultaron premiados.<\/p>\n<p class=\"ft-text\">Durante dos jornadas de intenso trabajo y compa\u00f1erismo los artesanos convivieron aloj\u00e1ndose gratuitamente en el hotel para tallar sus <strong>esculturas <\/strong>con los bloques de granito de 50 x 70 x 40 cent\u00edmetros proporcionados por la cadena.<\/p>\n<p class=\"ft-text\">El certamen finaliz\u00f3 el domingo 31 a las 18.00 horas cuando el jurado, compuesto por <strong>Luis Guiti\u00e1n <\/strong>(alcalde de Sober), <strong>Francisco Pazos<\/strong> y <strong>Jos\u00e9 Manuel Castro<\/strong> (ambos prestigiosos escultores gallegos) y un representante de <strong>Grupo Hotusa<\/strong>, recorri\u00f3 la zona de trabajo valorando cada pieza con sus autores.<\/p>\n<p><img decoding=\"async\" src=\"https:\/\/www.europesays.com\/es\/wp-content\/uploads\/2026\/06\/8979e28b-d129-4dd4-881a-53ee9a72ef36_alta-libre-aspect-ratio_default_0_x536y474.jpg\" width=\"1200\" height=\"1590\" alt=\"Imagen de la obra 'La mer', el percebe gigante con el que Jos\u00e9 Sampedro Caama\u00f1o gan\u00f3 el concurso.\" class=\"ft-helper-img-rd\" loading=\"lazy\" fetchpriority=\"auto\"\/><\/p>\n<p class=\"ft-helper-fontColor-quaternary ft-helper-fontSize-body-S ft-helper-spacer-t-xxs\">Imagen de la obra &#8216;La mer&#8217;, el percebe gigante con el que Jos\u00e9 Sampedro Caama\u00f1o gan\u00f3 el concurso.  \/ Cedida<\/p>\n<p class=\"ft-text\">Tras un largo proceso de deliberaci\u00f3n, debido al <strong>gran nivel de todas las esculturas<\/strong>, se anunciaron los tres premiados en el pabell\u00f3n de eventos del hotel.<\/p>\n<p class=\"ft-text\">El primer premio, valorado en 2.000 \u20ac, recay\u00f3 en el cantero de Ribeira <a class=\"ft-link ft-link--decoration\" href=\"https:\/\/www.elcorreogallego.es\/concellos\/2024\/10\/07\/cantero-ribeira-jose-sampedro-caamano-gana-certamen-canteiros-aurea-palacio-sober-109015965.html\" rel=\"nofollow noopener\" target=\"_blank\">Jos\u00e9 Sampedro Caama\u00f1o<\/a>, por su obra La mer. En palabras de su autor, la escultura \u201ctoma como punto de partida el <strong>percebe<\/strong>, s\u00edmbolo del oficio del mar y uno de los trabajos m\u00e1s duros y arriesgados de la tradici\u00f3n gallega, para interpretar de forma contempor\u00e1nea la relaci\u00f3n entre <strong>esfuerzo, resistencia y materia<\/strong>\u201d.<\/p>\n<p class=\"ft-text\">Se da la circunstancia de que Jos\u00e9 Sampedro ya hab\u00eda ganado el <strong>primer premio<\/strong>\u00a0en la tercera edici\u00f3n de dicho certamen por su obra Concierto para flauta n\u00ba3 en Re Mayor Il gardellino, una delicada escultura que representa a<strong>\u00a0dos jilgueros bes\u00e1ndose en pleno vuelo<\/strong>.\u00a0<\/p>\n<p class=\"ft-text\">El segundo premio de esta quinta edici\u00f3n, dotado con 1.000 \u20ac, fue para el cantero de Mos <strong>Marcos Escudero P\u00e9rez<\/strong>, en reconocimiento a su escultura Canteiro, que representa a un artesano como \u00e9l tallando una rueda de molino.<\/p>\n<p class=\"ft-text\">El tercer galard\u00f3n, de 500 \u20ac, recay\u00f3 en <strong>Juan V\u00e1zquez P\u00e9rez<\/strong>, de Tui, por su pieza Ao car\u00f3n do torno, un homenaje a los alfareros, centrada en el trabajo manual del barro.<\/p>\n<p class=\"ft-text\">La entrega de diplomas a los ganadores se clausur\u00f3 con un c\u00f3ctel para todos los participantes, entre los que destacan<strong> canteros de gran prestigio en el oficio<\/strong>.<\/p>\n<p class=\"ft-text\">Las obras premiadas pasar\u00e1n a formar parte de la<strong> exposici\u00f3n permanente<\/strong> del Hotel \u00c1urea Palacio de Sober.<\/p>\n<p class=\"ft-text\">El Certame de <a class=\"ft-link ft-link--decoration\" href=\"https:\/\/www.elcorreogallego.es\/santiago\/2026\/05\/26\/cantera-salio-piedra-hostal-reis-130653253.html\" rel=\"nofollow noopener\" target=\"_blank\">Canteiros <\/a>\u00c1urea Palacio de Sober se enmarca en una decidida apuesta de Grupo Hotusa y su cadena hotelera, <strong>Eurostars Hotel Company<\/strong>, por apoyar y difundir la cultura.<\/p>\n<p class=\"ft-text\">Esta filosof\u00eda corporativa se traduce en proyectos como<strong> Eurostars Exposiciones<\/strong>, iniciado en 2005. Se trata de una excelente plataforma de difusi\u00f3n del panorama art\u00edstico actual que vincula a los<\/p>\n<p class=\"ft-text\">hoteles con la poblaci\u00f3n de sus destinos.<\/p>\n<p class=\"ft-text\">La cadena tambi\u00e9n promueve el ciclo literario <strong>Wine &amp; Books<\/strong>, que lleva m\u00e1s de diez a\u00f1os reuniendo a autores de prestigio internacional con amantes de la lectura en sus hoteles m\u00e1s destacados.<\/p>\n<p class=\"ft-text\">La fotograf\u00eda es otra de sus grandes apuestas, con cert\u00e1menes consolidados, como el <strong>Premio Eurostars Grand Marina de Fotograf\u00eda<\/strong> y el <strong>Premio Eurostars Madrid Tower de Fotograf\u00eda<\/strong>.<\/p>\n<p class=\"ft-text\">El objetivo final de estas iniciativas es contribuir al enriquecimiento de la sociedad a trav\u00e9s de la <strong>cultura<\/strong>.<\/p>\n","protected":false},"excerpt":{"rendered":"La quinta edici\u00f3n del Certame de Canteiros \u00c1urea Palacio de Sober se celebr\u00f3 el pasado fin de semana&hellip;\n","protected":false},"author":2,"featured_media":584026,"comment_status":"","ping_status":"","sticky":false,"template":"","format":"standard","meta":{"footnotes":""},"categories":[173],"tags":[229,233,22715,1830,231,230,13078,5246,232,234,146,147,25,8426,24,14409,111038,13655,21389,23],"class_list":["post-584025","post","type-post","status-publish","format-standard","has-post-thumbnail","category-arte-y-diseno","tag-arte","tag-arte-y-diseno","tag-artesania","tag-artista","tag-arts","tag-arts-and-design","tag-canteras","tag-certamen","tag-design","tag-diseno","tag-entertainment","tag-entretenimiento","tag-es","tag-esculturas","tag-espana","tag-gigante","tag-percebe","tag-piedra","tag-ribeira","tag-spain"],"share_on_mastodon":{"url":"https:\/\/pubeurope.com\/@es\/116680199065274062","error":""},"_links":{"self":[{"href":"https:\/\/www.europesays.com\/es\/wp-json\/wp\/v2\/posts\/584025","targetHints":{"allow":["GET"]}}],"collection":[{"href":"https:\/\/www.europesays.com\/es\/wp-json\/wp\/v2\/posts"}],"about":[{"href":"https:\/\/www.europesays.com\/es\/wp-json\/wp\/v2\/types\/post"}],"author":[{"embeddable":true,"href":"https:\/\/www.europesays.com\/es\/wp-json\/wp\/v2\/users\/2"}],"replies":[{"embeddable":true,"href":"https:\/\/www.europesays.com\/es\/wp-json\/wp\/v2\/comments?post=584025"}],"version-history":[{"count":0,"href":"https:\/\/www.europesays.com\/es\/wp-json\/wp\/v2\/posts\/584025\/revisions"}],"wp:featuredmedia":[{"embeddable":true,"href":"https:\/\/www.europesays.com\/es\/wp-json\/wp\/v2\/media\/584026"}],"wp:attachment":[{"href":"https:\/\/www.europesays.com\/es\/wp-json\/wp\/v2\/media?parent=584025"}],"wp:term":[{"taxonomy":"category","embeddable":true,"href":"https:\/\/www.europesays.com\/es\/wp-json\/wp\/v2\/categories?post=584025"},{"taxonomy":"post_tag","embeddable":true,"href":"https:\/\/www.europesays.com\/es\/wp-json\/wp\/v2\/tags?post=584025"}],"curies":[{"name":"wp","href":"https:\/\/api.w.org\/{rel}","templated":true}]}}