{"id":584162,"date":"2026-06-02T12:42:31","date_gmt":"2026-06-02T12:42:31","guid":{"rendered":"https:\/\/www.europesays.com\/es\/584162\/"},"modified":"2026-06-02T12:42:31","modified_gmt":"2026-06-02T12:42:31","slug":"tragica-muerte-de-matt-brown-estrella-de-mi-familia-vive-en-alaska-encuentran-su-cadaver-en-un-rio","status":"publish","type":"post","link":"https:\/\/www.europesays.com\/es\/584162\/","title":{"rendered":"Tr\u00e1gica muerte de Matt Brown, estrella de &#8216;Mi familia vive en Alaska&#8217;: encuentran su cad\u00e1ver en un r\u00edo"},"content":{"rendered":"<p style=\"\">Matt Brown, el hijo mayor de la televisiva familia que protagoniza en Discovery Channel el reality &#8216;Mi familia vive en Alaska&#8217;, ha sido hallado sin  &#8230; vida a los 42 a\u00f1os. Tras intensos d\u00edas de b\u00fasqueda, el cuerpo del carism\u00e1tico rostro de la peque\u00f1a pantalla ha sido recuperado en las inmediaciones del r\u00edo Okanogan, en el estado de Washington.<\/p>\n<p class=\"v-d-p\" style=\"\">Ha sido su hermano Solomon Isaiah &#8216;Bear&#8217; Brown quien, a trav\u00e9s de redes sociales, ha confirmado la tr\u00e1gica noticia: \u00abHan encontrado un cuerpo en el r\u00edo hace unas horas, y ha sido identificado como Matt\u00bb, ha explicado a todos sus seguidores a trav\u00e9s de un v\u00eddeo en el que se le ve visiblemente emocionado. Seg\u00fan \u00e9l mismo ha desvelado, otro de sus hermanos, Noah Brown, ha participado en las labores de b\u00fasqueda y ha ayudado a recuperar el cuerpo del agua, siendo adem\u00e1s quien lo ha identificado.<\/p>\n<p class=\"v-d-p\" style=\"\">La publicaci\u00f3n estadounidense TMZ tambi\u00e9n se ha hecho eco de la noticia, y ha a\u00f1adido que Brown llevaba desaparecido una semana y que su familia estaba muy preocupada por su vida. <\/p>\n<p class=\"v-d-p\" style=\"\">Por el momento, las causas exactas de la muerte no han sido confirmadas oficialmente, a la espera del informe forense. No obstante, varias informaciones apuntan a la hip\u00f3tesis de una muerte autoinfligida. <\/p>\n<p class=\"v-d-p\" style=\"\">Matt Brown alcanz\u00f3 la fama en 2014 con el estreno de &#8216;Alaskan Bush People&#8217;, el programa de Discovery Channel que segu\u00eda la vida de su familia en entornos remotos de Alaska y Washington. Durante a\u00f1os, se convirti\u00f3 en uno de los protagonistas m\u00e1s carism\u00e1ticos del formato, sin embargo, se retir\u00f3 del programa en 2019 tras ingresar en un centro de tratamiento para abordar sus problemas. Posteriormente, se mud\u00f3 a una zona rural del noreste de Washington, donde llev\u00f3 una vida m\u00e1s privada, al margen de los v\u00eddeos que documentaban su d\u00eda a d\u00eda.<\/p>\n","protected":false},"excerpt":{"rendered":"Matt Brown, el hijo mayor de la televisiva familia que protagoniza en Discovery Channel el reality &#8216;Mi familia&hellip;\n","protected":false},"author":2,"featured_media":584163,"comment_status":"","ping_status":"","sticky":false,"template":"","format":"standard","meta":{"footnotes":""},"categories":[171],"tags":[9017,1493,6247,4996,146,147,25,24,14267,367,22216,4920,3679,23,12130,214,1343],"class_list":["post-584162","post","type-post","status-publish","format-standard","has-post-thumbnail","category-tv","tag-alaska","tag-brown","tag-cadaver","tag-encuentran","tag-entertainment","tag-entretenimiento","tag-es","tag-espana","tag-estrella","tag-familia","tag-matt","tag-muerte","tag-rio","tag-spain","tag-tragica","tag-tv","tag-vive"],"share_on_mastodon":{"url":"https:\/\/pubeurope.com\/@es\/116680572803357378","error":""},"_links":{"self":[{"href":"https:\/\/www.europesays.com\/es\/wp-json\/wp\/v2\/posts\/584162","targetHints":{"allow":["GET"]}}],"collection":[{"href":"https:\/\/www.europesays.com\/es\/wp-json\/wp\/v2\/posts"}],"about":[{"href":"https:\/\/www.europesays.com\/es\/wp-json\/wp\/v2\/types\/post"}],"author":[{"embeddable":true,"href":"https:\/\/www.europesays.com\/es\/wp-json\/wp\/v2\/users\/2"}],"replies":[{"embeddable":true,"href":"https:\/\/www.europesays.com\/es\/wp-json\/wp\/v2\/comments?post=584162"}],"version-history":[{"count":0,"href":"https:\/\/www.europesays.com\/es\/wp-json\/wp\/v2\/posts\/584162\/revisions"}],"wp:featuredmedia":[{"embeddable":true,"href":"https:\/\/www.europesays.com\/es\/wp-json\/wp\/v2\/media\/584163"}],"wp:attachment":[{"href":"https:\/\/www.europesays.com\/es\/wp-json\/wp\/v2\/media?parent=584162"}],"wp:term":[{"taxonomy":"category","embeddable":true,"href":"https:\/\/www.europesays.com\/es\/wp-json\/wp\/v2\/categories?post=584162"},{"taxonomy":"post_tag","embeddable":true,"href":"https:\/\/www.europesays.com\/es\/wp-json\/wp\/v2\/tags?post=584162"}],"curies":[{"name":"wp","href":"https:\/\/api.w.org\/{rel}","templated":true}]}}