{"id":58421,"date":"2025-08-19T17:53:08","date_gmt":"2025-08-19T17:53:08","guid":{"rendered":"https:\/\/www.europesays.com\/es\/58421\/"},"modified":"2025-08-19T17:53:08","modified_gmt":"2025-08-19T17:53:08","slug":"la-promesa-avance-del-capitulo-657-del-miercoles-20-de-agosto-en-tve","status":"publish","type":"post","link":"https:\/\/www.europesays.com\/es\/58421\/","title":{"rendered":"&#8216;La Promesa&#8217;, avance del cap\u00edtulo 657 del mi\u00e9rcoles 20 de agosto en TVE"},"content":{"rendered":"<p data-journey-content=\"true\" data-node-id=\"3\" class=\"css-i9p093 emevuu60\">En <a href=\"https:\/\/www.diezminutos.es\/telenovela\/espanolas\/a65806520\/la-promesa-avance-capitulo-656-martes-18-agosto-2025-tve\/\" target=\"_blank\" data-vars-ga-outbound-link=\"https:\/\/www.diezminutos.es\/telenovela\/espanolas\/a65806520\/la-promesa-avance-capitulo-656-martes-18-agosto-2025-tve\/\" data-vars-ga-ux-element=\"Hyperlink\" data-vars-ga-call-to-action=\"el cap\u00edtulo del martes 19 de agosto de &#039;La Promesa&#039;\" data-node-id=\"3.1\" class=\"body-link css-177bzfx emevuu60\" rel=\"nofollow noopener\">el cap\u00edtulo del martes 19 de agosto de &#8216;La Promesa&#8217;<\/a>, la <strong data-node-id=\"3.3\">detenci\u00f3n de Lorenzo ha sumido a la familia en una mezcla de preocupaci\u00f3n y alivio<\/strong>. Leocadia, poco convencida ante la propuesta de Manuel para sacarla del negocio, pospone su decisi\u00f3n una vez m\u00e1s. Despu\u00e9s de enterarse de la intenci\u00f3n de Martina de abandonar La Promesa por sus desencuentros con Catalina, <strong data-node-id=\"3.5\">Manuel se enfrenta a su padre de forma tan vehemente que incluso llega a perderle el respeto<\/strong>. Candela y Simona intentan un acercamiento con Enora para conocerla mejor, mientras To\u00f1o se reencuentra con Samuel y le cuenta la verdad de su situaci\u00f3n sentimental. <strong data-node-id=\"3.7\">Vera ha recuperado la ilusi\u00f3n por ver a su hermano y espera ansiosa la respuesta a la carta que escribi\u00f3 Lope<\/strong>. Teresa le advierte de que algo podr\u00eda salir mal. Ricardo consulta con Samuel la posibilidad de anular su matrimonio con Ana, y P\u00eda ha conseguido una informaci\u00f3n del cartero de Luj\u00e1n que confirma sus sospechas sobre la carta de Crist\u00f3bal.<\/p>\n<p><strong data-node-id=\"4.0\">E<\/strong><strong data-node-id=\"4.1\">l conflicto entre Martina y Catalina persiste<\/strong><strong data-node-id=\"4.2\"> en &#8216;La Promesa&#8217;<\/strong><img draggable=\"true\" alt=\"la promesa avance miercoles 20 agosto\" title=\"la promesa avance miercoles 20 agosto\" loading=\"lazy\" width=\"2100\" height=\"1400\" decoding=\"async\" data-nimg=\"1\" style=\"color:transparent;width:100%;height:auto;\"   src=\"https:\/\/www.europesays.com\/es\/wp-content\/uploads\/2025\/08\/la-promesa-avance-20-agosto-68a4366cd836e.jpg\" class=\"css-0 e1g79fud0\"\/><\/p>\n<p>RTVE<\/p>\n<p data-journey-content=\"true\" data-node-id=\"6\" class=\"css-i9p093 emevuu60\">El romance entre Curro y \u00c1ngela crece con intensidad en &#8216;<a href=\"https:\/\/www.diezminutos.es\/telenovela-la-promesa\/\" target=\"_blank\" data-vars-ga-outbound-link=\"https:\/\/www.diezminutos.es\/telenovela-la-promesa\/\" data-vars-ga-ux-element=\"Hyperlink\" data-vars-ga-call-to-action=\"La Promesa\" data-node-id=\"6.1\" class=\"body-link css-177bzfx emevuu60\" rel=\"nofollow noopener\">La Promesa<\/a>&#8216;, envolvi\u00e9ndolos en una pasi\u00f3n que, sin embargo, no evita que \u00e9l afronte con dolor el cierre de una etapa crucial en su vida. Mientras tanto, <strong data-node-id=\"6.3\">el conflicto entre Martina y Catalina persiste, alimentando una tensi\u00f3n que parece no tener tregua<\/strong>. Alonso, decidido a encontrar una salida a los problemas que los acechan, busca apoyo en aliados tan improbables como necesarios. En medio de esta agitaci\u00f3n, Vera recibe una visita totalmente inesperada, justo cuando sigue aguardando, con ilusi\u00f3n y cierta ansiedad, alguna noticia de su hermano ausente.<\/p>\n<p><strong data-node-id=\"7.0\">Alonso quiere mediar entre Manuel y Leocadia en &#8216;La Promesa&#8217;<\/strong><img draggable=\"true\" alt=\"la promesa avance miercoles 20 agosto\" title=\"la promesa avance miercoles 20 agosto\" loading=\"lazy\" width=\"1920\" height=\"1080\" decoding=\"async\" data-nimg=\"1\" style=\"color:transparent;width:100%;height:auto;\"   src=\"https:\/\/www.europesays.com\/es\/wp-content\/uploads\/2025\/08\/la-promesa-20-agosto-68a436b5c7bec.jpg\" class=\"css-0 e1g79fud0\"\/><\/p>\n<p>RTVE<\/p>\n<p data-journey-content=\"true\" data-node-id=\"9\" class=\"css-i9p093 emevuu60\">Por otra parte, <strong data-node-id=\"9.1\">Manuel contin\u00faa pendiente de la respuesta de Leocadia sobre la venta<\/strong>, un asunto que mantiene en vilo sus planes y que se convierte en motivo de incertidumbre. La mediaci\u00f3n de Alonso, lejos de apaciguar las aguas, provoca un nuevo y amargo desencuentro entre padre e hijo, profundizando la brecha que los separa. Entre tanto, Ricardo se ve forzado a confesarle a P\u00eda las dificultades que enfrenta para solicitar la nulidad matrimonial con Ana, revelando un panorama legal y emocional m\u00e1s complicado de lo que imaginaba. En este ambiente, los sentimientos se entrelazan con decisiones dif\u00edciles que marcar\u00e1n el rumbo de todos.<\/p>\n<p><img src=\"https:\/\/www.europesays.com\/es\/wp-content\/uploads\/2025\/08\/1755625988_670_43af9b8f-983e-4e74-8e74-9a7479b0966b_1681831601.file\" alt=\"Headshot of Pilar Mart\u00ednez\" title=\"Headshot of Pilar Mart\u00ednez\" width=\"100%\" height=\"100%\" decoding=\"async\" loading=\"lazy\" class=\"css-o0wq4v ev8dhu53\"\/><\/p>\n<p>Pilar Mart\u00ednez es periodista especializada en contenidos de televisi\u00f3n y cultura, se gradu\u00f3 en la carrera en Periodismo en la Facultad de Ciencias de la Informaci\u00f3n (Universidad Complutense de Madrid) en el a\u00f1o 2018. Desde entonces ha pasado por las redacciones de Ecoteuve (El Economista), donde realiz\u00f3 sus primeras pr\u00e1cticas durante el verano del 2016.<\/p>\n<p>Posteriormente, concretamente, en el a\u00f1o 2017 se pas\u00f3 al grupo Hearst Espa\u00f1a, donde comenz\u00f3 su andadura en las revistas de televisi\u00f3n: Supertele, Teleprograma, Telenovela. Ahora colabora con Diez Minutos, en su versi\u00f3n web, donde se encarga de realizar los avances semanales de las ficciones diarias de moda, as\u00ed como entrevistas y art\u00edculos sobre los melodramas o telenovelas que aterrizan en nuestro pa\u00eds y aquellos que est\u00e1n por venir.<\/p>\n<p>Toda una cazadora de exclusivas. A esto, se suma su puesto como redactora jefe de la secci\u00f3n de novela narrativa en la revista Culturamas, medio digital de alto impacto al que lleva unida desde el a\u00f1o 2013. \u00c1vida lectora, cin\u00e9fila y seri\u00e9fila de primer nivel, ha hecho de su vocaci\u00f3n su oficio. \u00a0<\/p>\n","protected":false},"excerpt":{"rendered":"En el cap\u00edtulo del martes 19 de agosto de &#8216;La Promesa&#8217;, la detenci\u00f3n de Lorenzo ha sumido a&hellip;\n","protected":false},"author":2,"featured_media":58422,"comment_status":"","ping_status":"","sticky":false,"template":"","format":"standard","meta":{"footnotes":""},"categories":[171],"tags":[253,146,147,25,24,23,214],"class_list":{"0":"post-58421","1":"post","2":"type-post","3":"status-publish","4":"format-standard","5":"has-post-thumbnail","7":"category-tv","8":"tag-discover","9":"tag-entertainment","10":"tag-entretenimiento","11":"tag-es","12":"tag-espana","13":"tag-spain","14":"tag-tv"},"share_on_mastodon":{"url":"","error":""},"_links":{"self":[{"href":"https:\/\/www.europesays.com\/es\/wp-json\/wp\/v2\/posts\/58421","targetHints":{"allow":["GET"]}}],"collection":[{"href":"https:\/\/www.europesays.com\/es\/wp-json\/wp\/v2\/posts"}],"about":[{"href":"https:\/\/www.europesays.com\/es\/wp-json\/wp\/v2\/types\/post"}],"author":[{"embeddable":true,"href":"https:\/\/www.europesays.com\/es\/wp-json\/wp\/v2\/users\/2"}],"replies":[{"embeddable":true,"href":"https:\/\/www.europesays.com\/es\/wp-json\/wp\/v2\/comments?post=58421"}],"version-history":[{"count":0,"href":"https:\/\/www.europesays.com\/es\/wp-json\/wp\/v2\/posts\/58421\/revisions"}],"wp:featuredmedia":[{"embeddable":true,"href":"https:\/\/www.europesays.com\/es\/wp-json\/wp\/v2\/media\/58422"}],"wp:attachment":[{"href":"https:\/\/www.europesays.com\/es\/wp-json\/wp\/v2\/media?parent=58421"}],"wp:term":[{"taxonomy":"category","embeddable":true,"href":"https:\/\/www.europesays.com\/es\/wp-json\/wp\/v2\/categories?post=58421"},{"taxonomy":"post_tag","embeddable":true,"href":"https:\/\/www.europesays.com\/es\/wp-json\/wp\/v2\/tags?post=58421"}],"curies":[{"name":"wp","href":"https:\/\/api.w.org\/{rel}","templated":true}]}}