{"id":584218,"date":"2026-06-02T13:15:27","date_gmt":"2026-06-02T13:15:27","guid":{"rendered":"https:\/\/www.europesays.com\/es\/584218\/"},"modified":"2026-06-02T13:15:27","modified_gmt":"2026-06-02T13:15:27","slug":"hoy-por-hoy-sevilla-desde-la-feria-de-alcala","status":"publish","type":"post","link":"https:\/\/www.europesays.com\/es\/584218\/","title":{"rendered":"\u2018Hoy por Hoy Sevilla\u2019 desde la Feria de Alcal\u00e1"},"content":{"rendered":"<p>Alcal\u00e1 de Guada\u00edra y su Feria se vuelven protagonista en las ondas de la radio. El programa de Radio Sevilla Cadena SER \u2018Hoy por Hoy\u2019 se emitir\u00e1 ma\u00f1ana mi\u00e9rcoles desde Alcal\u00e1 de Guada\u00edra, a escasas horas del inicio de su Feria 2025. El espacio conducido por Salom\u00f3n Hachuel contar\u00e1 entre sus invitados con la alcaldesa de la ciudad, Ana Isabel Jim\u00e9nez; el pregonero de la Feria, Jaime Otero Guti\u00e9rrez; el cartelista, C\u00e9sar Pecell\u00edn, y otras personas que destacar\u00e1n los valores y tradiciones de nuestra Feria.<\/p>\n<p>Desde las 12:20 horas de este mi\u00e9rcoles 3 de junio, el estudio del programa se traslada a la Caseta Municipal,\u00a0 para desde este punto central realizar conexiones desde el mismo recinto ferial. Junto a Hachuel, la alcaldesa desgranar\u00e1 la singularidad de la fiesta, en un marco incomparable rodeado de pinares, en pleno Monumento Natural Riberas del Guada\u00edra, y donde el albero del real es de la propia tierra. Tradici\u00f3n unida avances en proyectos de ciudad en materia urbana y de desarrollo que siguen posicionando a la ciudad como epicentro industrial del \u00e1rea metropolitana, pero con fuerte arraigo de las tradiciones y de los programas de cohesi\u00f3n social para que no se quede nadie atr\u00e1s.<\/p>\n<p><img decoding=\"async\" src=\"https:\/\/www.europesays.com\/es\/wp-content\/uploads\/2026\/06\/9612-cadena-ser-feria-archivo.jpg\"\/><\/p>\n<p>El programa contar\u00e1 tambi\u00e9n con la delegada de Fiestas Mayores, Roc\u00edo Bastida, para ahondar en los detalles de la Feria, la ampliaci\u00f3n con nuevas casetas, la seguridad, la recogida de residuos, y el operativo de coordinaci\u00f3n con todos los sectores implicados, el Plan Albero.<\/p>\n<p>Entre las entrevistas no faltar\u00e1n otras visiones, como la del presidente de los caseteros, Francisco Romero, o de Emilio Nieto, portavoz de los grupos de amigos que estrenan caseta este 2026. La voz de los restauradores la pondr\u00e1 Ra\u00fal Postigo, como empresario con amplia experiencia al frente de las barras que en esta ocasi\u00f3n gestiona la de la caseta municipal. En cuanto a moda flamenca, las novedades las aportar\u00e1 Cristina V\u00e1zquez, dise\u00f1adora local asidua de SIMOF. En definitiva, casi dos horas para que toda la provincia se enamore de la Feria de Alcal\u00e1.<\/p>\n<p>Fotos de Archivo<\/p>\n","protected":false},"excerpt":{"rendered":"Alcal\u00e1 de Guada\u00edra y su Feria se vuelven protagonista en las ondas de la radio. El programa de&hellip;\n","protected":false},"author":2,"featured_media":584219,"comment_status":"","ping_status":"","sticky":false,"template":"","format":"standard","meta":{"footnotes":""},"categories":[5],"tags":[24471,24470,24478,24469,1250,17,18,777,209,24474,168,24489,2026,24491,24480,25,24,13,14,24488,24487,24490,24492,24473,11,2178,3624,15235,891,6850,19,20,6688,24483,24054,24497,4044,24493,9,10,15,16,24477,24482,24415,24472,12365,24496,1922,24485,24481,24479,24475,24484,19497,24486,1171,23,24494,12,24476,4664,21,22,24495],"class_list":["post-584218","post","type-post","status-publish","format-standard","has-post-thumbnail","category-titulares","tag-accesibilidad","tag-administracion-electronica","tag-agenda-de-actividades","tag-alcala-de-guadaira","tag-ayuntamiento","tag-breaking-news","tag-breakingnews","tag-ciudad","tag-cultura","tag-datos-abiertos","tag-deportes","tag-desarrollo-economico","tag-educacion","tag-edusi","tag-equipamientos","tag-es","tag-espana","tag-featured-news","tag-featurednews","tag-feria-de-alcala","tag-fiestas-mayores","tag-formacion-y-empleo","tag-gestion-tributaria","tag-gobierno-abierto","tag-headlines","tag-igualdad","tag-infancia","tag-infraestructura","tag-inmigrantes","tag-juventud","tag-latest-news","tag-latestnews","tag-medio-ambiente","tag-molinos","tag-movilidad-urbana","tag-movilidad-y-transporte","tag-mujeres","tag-museo-de-alcala","tag-news","tag-noticias","tag-noticias-destacadas","tag-noticiasdestacadas","tag-oferta-de-empleo","tag-oromana","tag-participacion-ciudadana","tag-personas-con-discapacidad","tag-personas-mayores","tag-punto-limpio","tag-redes-sociales","tag-secretaria","tag-sede-electronica","tag-servicio-de-quejas-y-sugerencias","tag-servicios-destacados","tag-servicios-municipales","tag-servicios-sociales","tag-servicios-urbanos","tag-sevilla","tag-spain","tag-teatro-auditorio-riberas-del-guadaira","tag-titulares","tag-tramites-y-servicios","tag-turismo","tag-ultimas-noticias","tag-ultimasnoticias","tag-universidad-popular"],"share_on_mastodon":{"url":"","error":"Validation failed: Text character limit of 500 exceeded"},"_links":{"self":[{"href":"https:\/\/www.europesays.com\/es\/wp-json\/wp\/v2\/posts\/584218","targetHints":{"allow":["GET"]}}],"collection":[{"href":"https:\/\/www.europesays.com\/es\/wp-json\/wp\/v2\/posts"}],"about":[{"href":"https:\/\/www.europesays.com\/es\/wp-json\/wp\/v2\/types\/post"}],"author":[{"embeddable":true,"href":"https:\/\/www.europesays.com\/es\/wp-json\/wp\/v2\/users\/2"}],"replies":[{"embeddable":true,"href":"https:\/\/www.europesays.com\/es\/wp-json\/wp\/v2\/comments?post=584218"}],"version-history":[{"count":0,"href":"https:\/\/www.europesays.com\/es\/wp-json\/wp\/v2\/posts\/584218\/revisions"}],"wp:featuredmedia":[{"embeddable":true,"href":"https:\/\/www.europesays.com\/es\/wp-json\/wp\/v2\/media\/584219"}],"wp:attachment":[{"href":"https:\/\/www.europesays.com\/es\/wp-json\/wp\/v2\/media?parent=584218"}],"wp:term":[{"taxonomy":"category","embeddable":true,"href":"https:\/\/www.europesays.com\/es\/wp-json\/wp\/v2\/categories?post=584218"},{"taxonomy":"post_tag","embeddable":true,"href":"https:\/\/www.europesays.com\/es\/wp-json\/wp\/v2\/tags?post=584218"}],"curies":[{"name":"wp","href":"https:\/\/api.w.org\/{rel}","templated":true}]}}